{"id":587,"date":"2012-10-01T12:01:01","date_gmt":"2012-10-01T10:01:01","guid":{"rendered":"https:\/\/www.tafcomw.com\/metawireless\/?p=587"},"modified":"2025-01-03T12:02:01","modified_gmt":"2025-01-03T11:02:01","slug":"tafco-participara-en-la-feria-europea-de-las-microondas-en-amsterdam","status":"publish","type":"post","link":"https:\/\/www.tafcomw.com\/metawireless\/es\/noticias\/tafco-participara-en-la-feria-europea-de-las-microondas-en-amsterdam\/","title":{"rendered":"Tafco participar\u00e1 en la feria Europea de las Microondas en Amsterdam"},"content":{"rendered":"<p>Tafco Metawireless presentar\u00e1 sus \u00faltimas novedades y desarrollos en la European Microwave Week 2012 (EuMW2012) en el stand n\u00ba 304 que tendr\u00e1 lugar en Amsterdam del 29 al 31 de Octubre de 2012. El evento se realizar\u00e1 en el recinto ferial RAI Amsterdam.<br \/>\n<!--more--><\/p>\n<p>El evento, principal cita anual Europea para todos los interesados en materia de microondas y tecnolog\u00edas inal\u00e1mbricas, incluye tres conferencias: la EuMC, Conferencia Europea del Microondas; la EuMIC, Conferencia Europea de Circuitos Integrados de Microondas y la EuRAD, Conferencia Europea sobre Radar. Se trata de una cita anual clave para estimular el di\u00e1logo e intercambio de informaci\u00f3n entre los principales fabricantes, universidades y centros industriales en temas relativos a microondas, Radiofrecuencia (RF), sistemas inal\u00e1mbricos y otros relacionados con la seguridad, defensa y tecnolog\u00eda radar.<\/p>\n<p><a target=\"_blank\" title=\"Web Feria Europea de las Microondas\" href=\"http:\/\/www.eumweek.com\">www.eumweek.com<\/a>\t  <\/p>\n","protected":false},"excerpt":{"rendered":"<p>Tafco Metawireless presentar\u00e1 sus \u00faltimas novedades y desarrollos en la European Microwave Week 2012 (EuMW2012) en el stand n\u00ba 304 que tendr\u00e1 lugar en Amsterdam del 29 al 31 de Octubre de 2012. El evento se realizar\u00e1 en el recinto ferial RAI Amsterdam.<\/p>\n","protected":false},"author":1,"featured_media":327,"comment_status":"closed","ping_status":"closed","sticky":false,"template":"","format":"standard","meta":{"_acf_changed":false,"inline_featured_image":false,"footnotes":""},"categories":[1],"tags":[],"class_list":["post-587","post","type-post","status-publish","format-standard","has-post-thumbnail","hentry","category-noticias"],"acf":[],"yoast_head":"<!-- This site is optimized with the Yoast SEO plugin v28.4 - https:\/\/yoast.com\/product\/yoast-seo-wordpress\/ -->\n<title>Tafco at the European Microwave Week 2012 in Amsterdam<\/title>\n<meta name=\"robots\" content=\"index, follow, max-snippet:-1, max-image-preview:large, max-video-preview:-1\" \/>\n<link rel=\"canonical\" href=\"https:\/\/www.tafcomw.com\/metawireless\/es\/noticias\/tafco-participara-en-la-feria-europea-de-las-microondas-en-amsterdam\/\" \/>\n<meta property=\"og:locale\" content=\"es_ES\" \/>\n<meta property=\"og:type\" content=\"article\" \/>\n<meta property=\"og:title\" content=\"Tafco at the European Microwave Week 2012 in Amsterdam\" \/>\n<meta property=\"og:description\" content=\"Tafco Metawireless presentar\u00e1 sus \u00faltimas novedades y desarrollos en la European Microwave Week 2012 (EuMW2012) en el stand n\u00ba 304 que tendr\u00e1 lugar en Amsterdam del 29 al 31 de Octubre de 2012. El evento se realizar\u00e1 en el recinto ferial RAI Amsterdam.\" \/>\n<meta property=\"og:url\" content=\"https:\/\/www.tafcomw.com\/metawireless\/es\/noticias\/tafco-participara-en-la-feria-europea-de-las-microondas-en-amsterdam\/\" \/>\n<meta property=\"og:site_name\" content=\"Tafco Metawireless\" \/>\n<meta property=\"article:published_time\" content=\"2012-10-01T10:01:01+00:00\" \/>\n<meta property=\"article:modified_time\" content=\"2025-01-03T11:02:01+00:00\" \/>\n<meta property=\"og:image\" content=\"https:\/\/www.tafcomw.com\/metawireless\/wp-content\/uploads\/sites\/2\/36fdb1a35cd2f54f95cf2119fb5bc7ed.jpg\" \/>\n\t<meta property=\"og:image:width\" content=\"699\" \/>\n\t<meta property=\"og:image:height\" content=\"147\" \/>\n\t<meta property=\"og:image:type\" content=\"image\/jpeg\" \/>\n<meta name=\"author\" content=\"ExTafco\" \/>\n<meta name=\"twitter:card\" content=\"summary_large_image\" \/>\n<meta name=\"twitter:label1\" content=\"Escrito por\" \/>\n\t<meta name=\"twitter:data1\" content=\"ExTafco\" \/>\n\t<meta name=\"twitter:label2\" content=\"Tiempo de lectura\" \/>\n\t<meta name=\"twitter:data2\" content=\"1 minuto\" \/>\n<script type=\"application\/ld+json\" class=\"yoast-schema-graph\">{\"@context\":\"https:\\\/\\\/schema.org\",\"@graph\":[{\"@type\":\"Article\",\"@id\":\"https:\\\/\\\/www.tafcomw.com\\\/metawireless\\\/es\\\/noticias\\\/tafco-participara-en-la-feria-europea-de-las-microondas-en-amsterdam\\\/#article\",\"isPartOf\":{\"@id\":\"https:\\\/\\\/www.tafcomw.com\\\/metawireless\\\/es\\\/noticias\\\/tafco-participara-en-la-feria-europea-de-las-microondas-en-amsterdam\\\/\"},\"author\":{\"name\":\"ExTafco\",\"@id\":\"https:\\\/\\\/www.tafcomw.com\\\/metawireless\\\/#\\\/schema\\\/person\\\/82f6c58ec15705e0c52d6f14a050853a\"},\"headline\":\"Tafco participar\u00e1 en la feria Europea de las Microondas en Amsterdam\",\"datePublished\":\"2012-10-01T10:01:01+00:00\",\"dateModified\":\"2025-01-03T11:02:01+00:00\",\"mainEntityOfPage\":{\"@id\":\"https:\\\/\\\/www.tafcomw.com\\\/metawireless\\\/es\\\/noticias\\\/tafco-participara-en-la-feria-europea-de-las-microondas-en-amsterdam\\\/\"},\"wordCount\":142,\"publisher\":{\"@id\":\"https:\\\/\\\/www.tafcomw.com\\\/metawireless\\\/#organization\"},\"image\":{\"@id\":\"https:\\\/\\\/www.tafcomw.com\\\/metawireless\\\/es\\\/noticias\\\/tafco-participara-en-la-feria-europea-de-las-microondas-en-amsterdam\\\/#primaryimage\"},\"thumbnailUrl\":\"https:\\\/\\\/www.tafcomw.com\\\/metawireless\\\/wp-content\\\/uploads\\\/sites\\\/2\\\/36fdb1a35cd2f54f95cf2119fb5bc7ed.jpg\",\"articleSection\":[\"Noticias\"],\"inLanguage\":\"es\"},{\"@type\":\"WebPage\",\"@id\":\"https:\\\/\\\/www.tafcomw.com\\\/metawireless\\\/es\\\/noticias\\\/tafco-participara-en-la-feria-europea-de-las-microondas-en-amsterdam\\\/\",\"url\":\"https:\\\/\\\/www.tafcomw.com\\\/metawireless\\\/es\\\/noticias\\\/tafco-participara-en-la-feria-europea-de-las-microondas-en-amsterdam\\\/\",\"name\":\"Tafco at the European Microwave Week 2012 in Amsterdam\",\"isPartOf\":{\"@id\":\"https:\\\/\\\/www.tafcomw.com\\\/metawireless\\\/#website\"},\"primaryImageOfPage\":{\"@id\":\"https:\\\/\\\/www.tafcomw.com\\\/metawireless\\\/es\\\/noticias\\\/tafco-participara-en-la-feria-europea-de-las-microondas-en-amsterdam\\\/#primaryimage\"},\"image\":{\"@id\":\"https:\\\/\\\/www.tafcomw.com\\\/metawireless\\\/es\\\/noticias\\\/tafco-participara-en-la-feria-europea-de-las-microondas-en-amsterdam\\\/#primaryimage\"},\"thumbnailUrl\":\"https:\\\/\\\/www.tafcomw.com\\\/metawireless\\\/wp-content\\\/uploads\\\/sites\\\/2\\\/36fdb1a35cd2f54f95cf2119fb5bc7ed.jpg\",\"datePublished\":\"2012-10-01T10:01:01+00:00\",\"dateModified\":\"2025-01-03T11:02:01+00:00\",\"breadcrumb\":{\"@id\":\"https:\\\/\\\/www.tafcomw.com\\\/metawireless\\\/es\\\/noticias\\\/tafco-participara-en-la-feria-europea-de-las-microondas-en-amsterdam\\\/#breadcrumb\"},\"inLanguage\":\"es\",\"potentialAction\":[{\"@type\":\"ReadAction\",\"target\":[\"https:\\\/\\\/www.tafcomw.com\\\/metawireless\\\/es\\\/noticias\\\/tafco-participara-en-la-feria-europea-de-las-microondas-en-amsterdam\\\/\"]}]},{\"@type\":\"ImageObject\",\"inLanguage\":\"es\",\"@id\":\"https:\\\/\\\/www.tafcomw.com\\\/metawireless\\\/es\\\/noticias\\\/tafco-participara-en-la-feria-europea-de-las-microondas-en-amsterdam\\\/#primaryimage\",\"url\":\"https:\\\/\\\/www.tafcomw.com\\\/metawireless\\\/wp-content\\\/uploads\\\/sites\\\/2\\\/36fdb1a35cd2f54f95cf2119fb5bc7ed.jpg\",\"contentUrl\":\"https:\\\/\\\/www.tafcomw.com\\\/metawireless\\\/wp-content\\\/uploads\\\/sites\\\/2\\\/36fdb1a35cd2f54f95cf2119fb5bc7ed.jpg\",\"width\":699,\"height\":147,\"caption\":\"Tafco at the European Microwave Week 2012 in Amsterdam\"},{\"@type\":\"BreadcrumbList\",\"@id\":\"https:\\\/\\\/www.tafcomw.com\\\/metawireless\\\/es\\\/noticias\\\/tafco-participara-en-la-feria-europea-de-las-microondas-en-amsterdam\\\/#breadcrumb\",\"itemListElement\":[{\"@type\":\"ListItem\",\"position\":1,\"name\":\"Inicio\",\"item\":\"https:\\\/\\\/www.tafcomw.com\\\/metawireless\\\/en\\\/\"},{\"@type\":\"ListItem\",\"position\":2,\"name\":\"Tafco participar\u00e1 en la feria Europea de las Microondas en Amsterdam\"}]},{\"@type\":\"WebSite\",\"@id\":\"https:\\\/\\\/www.tafcomw.com\\\/metawireless\\\/#website\",\"url\":\"https:\\\/\\\/www.tafcomw.com\\\/metawireless\\\/\",\"name\":\"Tafco Metawireless\",\"description\":\"\",\"publisher\":{\"@id\":\"https:\\\/\\\/www.tafcomw.com\\\/metawireless\\\/#organization\"},\"potentialAction\":[{\"@type\":\"SearchAction\",\"target\":{\"@type\":\"EntryPoint\",\"urlTemplate\":\"https:\\\/\\\/www.tafcomw.com\\\/metawireless\\\/?s={search_term_string}\"},\"query-input\":{\"@type\":\"PropertyValueSpecification\",\"valueRequired\":true,\"valueName\":\"search_term_string\"}}],\"inLanguage\":\"es\"},{\"@type\":\"Organization\",\"@id\":\"https:\\\/\\\/www.tafcomw.com\\\/metawireless\\\/#organization\",\"name\":\"Tafco Metawireless\",\"url\":\"https:\\\/\\\/www.tafcomw.com\\\/metawireless\\\/\",\"logo\":{\"@type\":\"ImageObject\",\"inLanguage\":\"es\",\"@id\":\"https:\\\/\\\/www.tafcomw.com\\\/metawireless\\\/#\\\/schema\\\/logo\\\/image\\\/\",\"url\":\"https:\\\/\\\/www.tafcomw.com\\\/metawireless\\\/wp-content\\\/uploads\\\/sites\\\/2\\\/tafco-metawireless.svg\",\"contentUrl\":\"https:\\\/\\\/www.tafcomw.com\\\/metawireless\\\/wp-content\\\/uploads\\\/sites\\\/2\\\/tafco-metawireless.svg\",\"caption\":\"Tafco Metawireless\"},\"image\":{\"@id\":\"https:\\\/\\\/www.tafcomw.com\\\/metawireless\\\/#\\\/schema\\\/logo\\\/image\\\/\"}},{\"@type\":\"Person\",\"@id\":\"https:\\\/\\\/www.tafcomw.com\\\/metawireless\\\/#\\\/schema\\\/person\\\/82f6c58ec15705e0c52d6f14a050853a\",\"name\":\"ExTafco\",\"image\":{\"@type\":\"ImageObject\",\"inLanguage\":\"es\",\"@id\":\"https:\\\/\\\/secure.gravatar.com\\\/avatar\\\/1d32c4898c1c3cddd0af4807f344953e79c67dc927ed0c3a2147aa472310a764?s=96&d=mm&r=g\",\"url\":\"https:\\\/\\\/secure.gravatar.com\\\/avatar\\\/1d32c4898c1c3cddd0af4807f344953e79c67dc927ed0c3a2147aa472310a764?s=96&d=mm&r=g\",\"contentUrl\":\"https:\\\/\\\/secure.gravatar.com\\\/avatar\\\/1d32c4898c1c3cddd0af4807f344953e79c67dc927ed0c3a2147aa472310a764?s=96&d=mm&r=g\",\"caption\":\"ExTafco\"},\"url\":\"https:\\\/\\\/www.tafcomw.com\\\/metawireless\\\/author\\\/extafco\\\/\"}]}<\/script>\n<!-- \/ Yoast SEO plugin. -->","yoast_head_json":{"title":"Tafco at the European Microwave Week 2012 in Amsterdam","robots":{"index":"index","follow":"follow","max-snippet":"max-snippet:-1","max-image-preview":"max-image-preview:large","max-video-preview":"max-video-preview:-1"},"canonical":"https:\/\/www.tafcomw.com\/metawireless\/es\/noticias\/tafco-participara-en-la-feria-europea-de-las-microondas-en-amsterdam\/","og_locale":"es_ES","og_type":"article","og_title":"Tafco at the European Microwave Week 2012 in Amsterdam","og_description":"Tafco Metawireless presentar\u00e1 sus \u00faltimas novedades y desarrollos en la European Microwave Week 2012 (EuMW2012) en el stand n\u00ba 304 que tendr\u00e1 lugar en Amsterdam del 29 al 31 de Octubre de 2012. El evento se realizar\u00e1 en el recinto ferial RAI Amsterdam.","og_url":"https:\/\/www.tafcomw.com\/metawireless\/es\/noticias\/tafco-participara-en-la-feria-europea-de-las-microondas-en-amsterdam\/","og_site_name":"Tafco Metawireless","article_published_time":"2012-10-01T10:01:01+00:00","article_modified_time":"2025-01-03T11:02:01+00:00","og_image":[{"width":699,"height":147,"url":"https:\/\/www.tafcomw.com\/metawireless\/wp-content\/uploads\/sites\/2\/36fdb1a35cd2f54f95cf2119fb5bc7ed.jpg","type":"image\/jpeg"}],"author":"ExTafco","twitter_card":"summary_large_image","twitter_misc":{"Escrito por":"ExTafco","Tiempo de lectura":"1 minuto"},"schema":{"@context":"https:\/\/schema.org","@graph":[{"@type":"Article","@id":"https:\/\/www.tafcomw.com\/metawireless\/es\/noticias\/tafco-participara-en-la-feria-europea-de-las-microondas-en-amsterdam\/#article","isPartOf":{"@id":"https:\/\/www.tafcomw.com\/metawireless\/es\/noticias\/tafco-participara-en-la-feria-europea-de-las-microondas-en-amsterdam\/"},"author":{"name":"ExTafco","@id":"https:\/\/www.tafcomw.com\/metawireless\/#\/schema\/person\/82f6c58ec15705e0c52d6f14a050853a"},"headline":"Tafco participar\u00e1 en la feria Europea de las Microondas en Amsterdam","datePublished":"2012-10-01T10:01:01+00:00","dateModified":"2025-01-03T11:02:01+00:00","mainEntityOfPage":{"@id":"https:\/\/www.tafcomw.com\/metawireless\/es\/noticias\/tafco-participara-en-la-feria-europea-de-las-microondas-en-amsterdam\/"},"wordCount":142,"publisher":{"@id":"https:\/\/www.tafcomw.com\/metawireless\/#organization"},"image":{"@id":"https:\/\/www.tafcomw.com\/metawireless\/es\/noticias\/tafco-participara-en-la-feria-europea-de-las-microondas-en-amsterdam\/#primaryimage"},"thumbnailUrl":"https:\/\/www.tafcomw.com\/metawireless\/wp-content\/uploads\/sites\/2\/36fdb1a35cd2f54f95cf2119fb5bc7ed.jpg","articleSection":["Noticias"],"inLanguage":"es"},{"@type":"WebPage","@id":"https:\/\/www.tafcomw.com\/metawireless\/es\/noticias\/tafco-participara-en-la-feria-europea-de-las-microondas-en-amsterdam\/","url":"https:\/\/www.tafcomw.com\/metawireless\/es\/noticias\/tafco-participara-en-la-feria-europea-de-las-microondas-en-amsterdam\/","name":"Tafco at the European Microwave Week 2012 in Amsterdam","isPartOf":{"@id":"https:\/\/www.tafcomw.com\/metawireless\/#website"},"primaryImageOfPage":{"@id":"https:\/\/www.tafcomw.com\/metawireless\/es\/noticias\/tafco-participara-en-la-feria-europea-de-las-microondas-en-amsterdam\/#primaryimage"},"image":{"@id":"https:\/\/www.tafcomw.com\/metawireless\/es\/noticias\/tafco-participara-en-la-feria-europea-de-las-microondas-en-amsterdam\/#primaryimage"},"thumbnailUrl":"https:\/\/www.tafcomw.com\/metawireless\/wp-content\/uploads\/sites\/2\/36fdb1a35cd2f54f95cf2119fb5bc7ed.jpg","datePublished":"2012-10-01T10:01:01+00:00","dateModified":"2025-01-03T11:02:01+00:00","breadcrumb":{"@id":"https:\/\/www.tafcomw.com\/metawireless\/es\/noticias\/tafco-participara-en-la-feria-europea-de-las-microondas-en-amsterdam\/#breadcrumb"},"inLanguage":"es","potentialAction":[{"@type":"ReadAction","target":["https:\/\/www.tafcomw.com\/metawireless\/es\/noticias\/tafco-participara-en-la-feria-europea-de-las-microondas-en-amsterdam\/"]}]},{"@type":"ImageObject","inLanguage":"es","@id":"https:\/\/www.tafcomw.com\/metawireless\/es\/noticias\/tafco-participara-en-la-feria-europea-de-las-microondas-en-amsterdam\/#primaryimage","url":"https:\/\/www.tafcomw.com\/metawireless\/wp-content\/uploads\/sites\/2\/36fdb1a35cd2f54f95cf2119fb5bc7ed.jpg","contentUrl":"https:\/\/www.tafcomw.com\/metawireless\/wp-content\/uploads\/sites\/2\/36fdb1a35cd2f54f95cf2119fb5bc7ed.jpg","width":699,"height":147,"caption":"Tafco at the European Microwave Week 2012 in Amsterdam"},{"@type":"BreadcrumbList","@id":"https:\/\/www.tafcomw.com\/metawireless\/es\/noticias\/tafco-participara-en-la-feria-europea-de-las-microondas-en-amsterdam\/#breadcrumb","itemListElement":[{"@type":"ListItem","position":1,"name":"Inicio","item":"https:\/\/www.tafcomw.com\/metawireless\/en\/"},{"@type":"ListItem","position":2,"name":"Tafco participar\u00e1 en la feria Europea de las Microondas en Amsterdam"}]},{"@type":"WebSite","@id":"https:\/\/www.tafcomw.com\/metawireless\/#website","url":"https:\/\/www.tafcomw.com\/metawireless\/","name":"Tafco Metawireless","description":"","publisher":{"@id":"https:\/\/www.tafcomw.com\/metawireless\/#organization"},"potentialAction":[{"@type":"SearchAction","target":{"@type":"EntryPoint","urlTemplate":"https:\/\/www.tafcomw.com\/metawireless\/?s={search_term_string}"},"query-input":{"@type":"PropertyValueSpecification","valueRequired":true,"valueName":"search_term_string"}}],"inLanguage":"es"},{"@type":"Organization","@id":"https:\/\/www.tafcomw.com\/metawireless\/#organization","name":"Tafco Metawireless","url":"https:\/\/www.tafcomw.com\/metawireless\/","logo":{"@type":"ImageObject","inLanguage":"es","@id":"https:\/\/www.tafcomw.com\/metawireless\/#\/schema\/logo\/image\/","url":"https:\/\/www.tafcomw.com\/metawireless\/wp-content\/uploads\/sites\/2\/tafco-metawireless.svg","contentUrl":"https:\/\/www.tafcomw.com\/metawireless\/wp-content\/uploads\/sites\/2\/tafco-metawireless.svg","caption":"Tafco Metawireless"},"image":{"@id":"https:\/\/www.tafcomw.com\/metawireless\/#\/schema\/logo\/image\/"}},{"@type":"Person","@id":"https:\/\/www.tafcomw.com\/metawireless\/#\/schema\/person\/82f6c58ec15705e0c52d6f14a050853a","name":"ExTafco","image":{"@type":"ImageObject","inLanguage":"es","@id":"https:\/\/secure.gravatar.com\/avatar\/1d32c4898c1c3cddd0af4807f344953e79c67dc927ed0c3a2147aa472310a764?s=96&d=mm&r=g","url":"https:\/\/secure.gravatar.com\/avatar\/1d32c4898c1c3cddd0af4807f344953e79c67dc927ed0c3a2147aa472310a764?s=96&d=mm&r=g","contentUrl":"https:\/\/secure.gravatar.com\/avatar\/1d32c4898c1c3cddd0af4807f344953e79c67dc927ed0c3a2147aa472310a764?s=96&d=mm&r=g","caption":"ExTafco"},"url":"https:\/\/www.tafcomw.com\/metawireless\/author\/extafco\/"}]}},"_links":{"self":[{"href":"https:\/\/www.tafcomw.com\/metawireless\/wp-json\/wp\/v2\/posts\/587","targetHints":{"allow":["GET"]}}],"collection":[{"href":"https:\/\/www.tafcomw.com\/metawireless\/wp-json\/wp\/v2\/posts"}],"about":[{"href":"https:\/\/www.tafcomw.com\/metawireless\/wp-json\/wp\/v2\/types\/post"}],"author":[{"embeddable":true,"href":"https:\/\/www.tafcomw.com\/metawireless\/wp-json\/wp\/v2\/users\/1"}],"replies":[{"embeddable":true,"href":"https:\/\/www.tafcomw.com\/metawireless\/wp-json\/wp\/v2\/comments?post=587"}],"version-history":[{"count":1,"href":"https:\/\/www.tafcomw.com\/metawireless\/wp-json\/wp\/v2\/posts\/587\/revisions"}],"predecessor-version":[{"id":588,"href":"https:\/\/www.tafcomw.com\/metawireless\/wp-json\/wp\/v2\/posts\/587\/revisions\/588"}],"wp:featuredmedia":[{"embeddable":true,"href":"https:\/\/www.tafcomw.com\/metawireless\/wp-json\/wp\/v2\/media\/327"}],"wp:attachment":[{"href":"https:\/\/www.tafcomw.com\/metawireless\/wp-json\/wp\/v2\/media?parent=587"}],"wp:term":[{"taxonomy":"category","embeddable":true,"href":"https:\/\/www.tafcomw.com\/metawireless\/wp-json\/wp\/v2\/categories?post=587"},{"taxonomy":"post_tag","embeddable":true,"href":"https:\/\/www.tafcomw.com\/metawireless\/wp-json\/wp\/v2\/tags?post=587"}],"curies":[{"name":"wp","href":"https:\/\/api.w.org\/{rel}","templated":true}]}}