{"id":599,"date":"2013-11-05T12:11:31","date_gmt":"2013-11-05T11:11:31","guid":{"rendered":"https:\/\/www.tafcomw.com\/metawireless\/?p=599"},"modified":"2025-01-03T12:12:23","modified_gmt":"2025-01-03T11:12:23","slug":"tafco-en-congreso-nacional-de-id-en-defensa-y-seguridad-deseid-2013","status":"publish","type":"post","link":"https:\/\/www.tafcomw.com\/metawireless\/es\/noticias\/tafco-en-congreso-nacional-de-id-en-defensa-y-seguridad-deseid-2013\/","title":{"rendered":"TAFCO en Congreso Nacional de I+D en Defensa y Seguridad DESEi+d 2013."},"content":{"rendered":"<p>TAFCO Metawireless acude a la primera edici\u00f3n del Congreso Nacional de I+D en Defensa y Seguridad DESEi+d 2013, celebrado los d\u00edas 6 y 7 de Noviembre en la Universidad Polit\u00e9cnica de Madrid, presentando la ponencia \u201cAn\u00e1lisis de la Densidad Espectral RCS Doppler Aplicada a Entornos Militares\u201d, en donde se remarca la importancia de este concepto.<br \/>\n<!--more--><\/p>\n<p>TAFCO Metawireless acude a la primera edici\u00f3n del Congreso Nacional de I+D en Defensa y Seguridad DESEi+d 2013, celebrado los d\u00edas 6 y 7 de Noviembre en la Universidad Polit\u00e9cnica de Madrid, presentando la ponencia \u201cAn\u00e1lisis de la Densidad Espectral RCS Doppler Aplicada a Entornos Militares\u201d, en donde se remarca la importancia de este concepto.<\/p>\n<p>La Secci\u00f3n Recta Radar, o en ingl\u00e9s Radar Cross Section (RCS) de un blanco u objetivo determina lo detectable que dicho objeto es frente a un sistema radar. Debido a que la mayor\u00eda de los objetivos est\u00e1n en movimiento, la se\u00f1al EM sufre un desplazamiento de la frecuencia de operaci\u00f3n que puede ser tambi\u00e9n interpretado por el sistema radar, con lo que adem\u00e1s de detectar la posici\u00f3n del blanco es posible detectar su velocidad y direcci\u00f3n. Si el objeto dispone de partes m\u00f3viles, tales como la h\u00e9lice de un avi\u00f3n o el rotor de un helic\u00f3ptero, la se\u00f1al EM sufre un desplazamiento frecuencial a\u00f1adido alrededor de la frecuencia central, lo que suele denominarse densidad espectral RCS Doppler o efecto Micro-Doppler. El an\u00e1lisis previo de este tipo de se\u00f1ales es fundamental en el desarrollo de mejores sistemas de detecci\u00f3n.<\/p>\n<p>&nbsp;<\/p>\n<p><a href=\"http:\/\/catedraisdefe.etsit.upm.es\/2013\/05\/20\/primer-congreso-nacional-de-id-en-defensa-y-seguridad\/\">http:\/\/catedraisdefe.etsit.upm.es\/2013\/05\/20\/primer-congreso-nacional-de-id-en-defensa-y-seguridad\/<\/a><\/p>\n","protected":false},"excerpt":{"rendered":"<p>TAFCO Metawireless acude a la primera edici\u00f3n del Congreso Nacional de I+D en Defensa y Seguridad DESEi+d 2013, celebrado los d\u00edas 6 y 7 de Noviembre en la Universidad Polit\u00e9cnica de Madrid, presentando la ponencia \u201cAn\u00e1lisis de la Densidad Espectral RCS Doppler Aplicada a Entornos Militares\u201d, en donde se remarca la importancia de este concepto.<\/p>\n","protected":false},"author":1,"featured_media":339,"comment_status":"closed","ping_status":"closed","sticky":false,"template":"","format":"standard","meta":{"_acf_changed":false,"inline_featured_image":false,"footnotes":""},"categories":[1],"tags":[],"class_list":["post-599","post","type-post","status-publish","format-standard","has-post-thumbnail","hentry","category-noticias"],"acf":[],"yoast_head":"<!-- This site is optimized with the Yoast SEO plugin v28.4 - https:\/\/yoast.com\/product\/yoast-seo-wordpress\/ -->\n<title>TAFCO Metawireless participates in the Spanish National Congress of R&amp;D in Defence and Security DESEi+d 2013.<\/title>\n<meta name=\"robots\" content=\"index, follow, max-snippet:-1, max-image-preview:large, max-video-preview:-1\" \/>\n<link rel=\"canonical\" href=\"https:\/\/www.tafcomw.com\/metawireless\/es\/noticias\/tafco-en-congreso-nacional-de-id-en-defensa-y-seguridad-deseid-2013\/\" \/>\n<meta property=\"og:locale\" content=\"es_ES\" \/>\n<meta property=\"og:type\" content=\"article\" \/>\n<meta property=\"og:title\" content=\"TAFCO Metawireless participates in the Spanish National Congress of R&amp;D in Defence and Security DESEi+d 2013.\" \/>\n<meta property=\"og:description\" content=\"TAFCO Metawireless acude a la primera edici\u00f3n del Congreso Nacional de I+D en Defensa y Seguridad DESEi+d 2013, celebrado los d\u00edas 6 y 7 de Noviembre en la Universidad Polit\u00e9cnica de Madrid, presentando la ponencia \u201cAn\u00e1lisis de la Densidad Espectral RCS Doppler Aplicada a Entornos Militares\u201d, en donde se remarca la importancia de este concepto.\" \/>\n<meta property=\"og:url\" content=\"https:\/\/www.tafcomw.com\/metawireless\/es\/noticias\/tafco-en-congreso-nacional-de-id-en-defensa-y-seguridad-deseid-2013\/\" \/>\n<meta property=\"og:site_name\" content=\"Tafco Metawireless\" \/>\n<meta property=\"article:published_time\" content=\"2013-11-05T11:11:31+00:00\" \/>\n<meta property=\"article:modified_time\" content=\"2025-01-03T11:12:23+00:00\" \/>\n<meta property=\"og:image\" content=\"https:\/\/www.tafcomw.com\/metawireless\/wp-content\/uploads\/sites\/2\/9415f9bcd76598f9c08127db1641b596.jpg\" \/>\n\t<meta property=\"og:image:width\" content=\"442\" \/>\n\t<meta property=\"og:image:height\" content=\"110\" \/>\n\t<meta property=\"og:image:type\" content=\"image\/jpeg\" \/>\n<meta name=\"author\" content=\"ExTafco\" \/>\n<meta name=\"twitter:card\" content=\"summary_large_image\" \/>\n<meta name=\"twitter:label1\" content=\"Escrito por\" \/>\n\t<meta name=\"twitter:data1\" content=\"ExTafco\" \/>\n\t<meta name=\"twitter:label2\" content=\"Tiempo de lectura\" \/>\n\t<meta name=\"twitter:data2\" content=\"1 minuto\" \/>\n<script type=\"application\/ld+json\" class=\"yoast-schema-graph\">{\"@context\":\"https:\\\/\\\/schema.org\",\"@graph\":[{\"@type\":\"Article\",\"@id\":\"https:\\\/\\\/www.tafcomw.com\\\/metawireless\\\/es\\\/noticias\\\/tafco-en-congreso-nacional-de-id-en-defensa-y-seguridad-deseid-2013\\\/#article\",\"isPartOf\":{\"@id\":\"https:\\\/\\\/www.tafcomw.com\\\/metawireless\\\/es\\\/noticias\\\/tafco-en-congreso-nacional-de-id-en-defensa-y-seguridad-deseid-2013\\\/\"},\"author\":{\"name\":\"ExTafco\",\"@id\":\"https:\\\/\\\/www.tafcomw.com\\\/metawireless\\\/#\\\/schema\\\/person\\\/82f6c58ec15705e0c52d6f14a050853a\"},\"headline\":\"TAFCO en Congreso Nacional de I+D en Defensa y Seguridad DESEi+d 2013.\",\"datePublished\":\"2013-11-05T11:11:31+00:00\",\"dateModified\":\"2025-01-03T11:12:23+00:00\",\"mainEntityOfPage\":{\"@id\":\"https:\\\/\\\/www.tafcomw.com\\\/metawireless\\\/es\\\/noticias\\\/tafco-en-congreso-nacional-de-id-en-defensa-y-seguridad-deseid-2013\\\/\"},\"wordCount\":293,\"publisher\":{\"@id\":\"https:\\\/\\\/www.tafcomw.com\\\/metawireless\\\/#organization\"},\"image\":{\"@id\":\"https:\\\/\\\/www.tafcomw.com\\\/metawireless\\\/es\\\/noticias\\\/tafco-en-congreso-nacional-de-id-en-defensa-y-seguridad-deseid-2013\\\/#primaryimage\"},\"thumbnailUrl\":\"https:\\\/\\\/www.tafcomw.com\\\/metawireless\\\/wp-content\\\/uploads\\\/sites\\\/2\\\/9415f9bcd76598f9c08127db1641b596.jpg\",\"articleSection\":[\"Noticias\"],\"inLanguage\":\"es\"},{\"@type\":\"WebPage\",\"@id\":\"https:\\\/\\\/www.tafcomw.com\\\/metawireless\\\/es\\\/noticias\\\/tafco-en-congreso-nacional-de-id-en-defensa-y-seguridad-deseid-2013\\\/\",\"url\":\"https:\\\/\\\/www.tafcomw.com\\\/metawireless\\\/es\\\/noticias\\\/tafco-en-congreso-nacional-de-id-en-defensa-y-seguridad-deseid-2013\\\/\",\"name\":\"TAFCO Metawireless participates in the Spanish National Congress of R&D in Defence and Security DESEi+d 2013.\",\"isPartOf\":{\"@id\":\"https:\\\/\\\/www.tafcomw.com\\\/metawireless\\\/#website\"},\"primaryImageOfPage\":{\"@id\":\"https:\\\/\\\/www.tafcomw.com\\\/metawireless\\\/es\\\/noticias\\\/tafco-en-congreso-nacional-de-id-en-defensa-y-seguridad-deseid-2013\\\/#primaryimage\"},\"image\":{\"@id\":\"https:\\\/\\\/www.tafcomw.com\\\/metawireless\\\/es\\\/noticias\\\/tafco-en-congreso-nacional-de-id-en-defensa-y-seguridad-deseid-2013\\\/#primaryimage\"},\"thumbnailUrl\":\"https:\\\/\\\/www.tafcomw.com\\\/metawireless\\\/wp-content\\\/uploads\\\/sites\\\/2\\\/9415f9bcd76598f9c08127db1641b596.jpg\",\"datePublished\":\"2013-11-05T11:11:31+00:00\",\"dateModified\":\"2025-01-03T11:12:23+00:00\",\"breadcrumb\":{\"@id\":\"https:\\\/\\\/www.tafcomw.com\\\/metawireless\\\/es\\\/noticias\\\/tafco-en-congreso-nacional-de-id-en-defensa-y-seguridad-deseid-2013\\\/#breadcrumb\"},\"inLanguage\":\"es\",\"potentialAction\":[{\"@type\":\"ReadAction\",\"target\":[\"https:\\\/\\\/www.tafcomw.com\\\/metawireless\\\/es\\\/noticias\\\/tafco-en-congreso-nacional-de-id-en-defensa-y-seguridad-deseid-2013\\\/\"]}]},{\"@type\":\"ImageObject\",\"inLanguage\":\"es\",\"@id\":\"https:\\\/\\\/www.tafcomw.com\\\/metawireless\\\/es\\\/noticias\\\/tafco-en-congreso-nacional-de-id-en-defensa-y-seguridad-deseid-2013\\\/#primaryimage\",\"url\":\"https:\\\/\\\/www.tafcomw.com\\\/metawireless\\\/wp-content\\\/uploads\\\/sites\\\/2\\\/9415f9bcd76598f9c08127db1641b596.jpg\",\"contentUrl\":\"https:\\\/\\\/www.tafcomw.com\\\/metawireless\\\/wp-content\\\/uploads\\\/sites\\\/2\\\/9415f9bcd76598f9c08127db1641b596.jpg\",\"width\":442,\"height\":110,\"caption\":\"TAFCO Metawireless participates in the Spanish National Congress of R&D in Defence and Security DESEi+d 2013.\"},{\"@type\":\"BreadcrumbList\",\"@id\":\"https:\\\/\\\/www.tafcomw.com\\\/metawireless\\\/es\\\/noticias\\\/tafco-en-congreso-nacional-de-id-en-defensa-y-seguridad-deseid-2013\\\/#breadcrumb\",\"itemListElement\":[{\"@type\":\"ListItem\",\"position\":1,\"name\":\"Inicio\",\"item\":\"https:\\\/\\\/www.tafcomw.com\\\/metawireless\\\/en\\\/\"},{\"@type\":\"ListItem\",\"position\":2,\"name\":\"TAFCO en Congreso Nacional de I+D en Defensa y Seguridad DESEi+d 2013.\"}]},{\"@type\":\"WebSite\",\"@id\":\"https:\\\/\\\/www.tafcomw.com\\\/metawireless\\\/#website\",\"url\":\"https:\\\/\\\/www.tafcomw.com\\\/metawireless\\\/\",\"name\":\"Tafco Metawireless\",\"description\":\"\",\"publisher\":{\"@id\":\"https:\\\/\\\/www.tafcomw.com\\\/metawireless\\\/#organization\"},\"potentialAction\":[{\"@type\":\"SearchAction\",\"target\":{\"@type\":\"EntryPoint\",\"urlTemplate\":\"https:\\\/\\\/www.tafcomw.com\\\/metawireless\\\/?s={search_term_string}\"},\"query-input\":{\"@type\":\"PropertyValueSpecification\",\"valueRequired\":true,\"valueName\":\"search_term_string\"}}],\"inLanguage\":\"es\"},{\"@type\":\"Organization\",\"@id\":\"https:\\\/\\\/www.tafcomw.com\\\/metawireless\\\/#organization\",\"name\":\"Tafco Metawireless\",\"url\":\"https:\\\/\\\/www.tafcomw.com\\\/metawireless\\\/\",\"logo\":{\"@type\":\"ImageObject\",\"inLanguage\":\"es\",\"@id\":\"https:\\\/\\\/www.tafcomw.com\\\/metawireless\\\/#\\\/schema\\\/logo\\\/image\\\/\",\"url\":\"https:\\\/\\\/www.tafcomw.com\\\/metawireless\\\/wp-content\\\/uploads\\\/sites\\\/2\\\/tafco-metawireless.svg\",\"contentUrl\":\"https:\\\/\\\/www.tafcomw.com\\\/metawireless\\\/wp-content\\\/uploads\\\/sites\\\/2\\\/tafco-metawireless.svg\",\"caption\":\"Tafco Metawireless\"},\"image\":{\"@id\":\"https:\\\/\\\/www.tafcomw.com\\\/metawireless\\\/#\\\/schema\\\/logo\\\/image\\\/\"}},{\"@type\":\"Person\",\"@id\":\"https:\\\/\\\/www.tafcomw.com\\\/metawireless\\\/#\\\/schema\\\/person\\\/82f6c58ec15705e0c52d6f14a050853a\",\"name\":\"ExTafco\",\"image\":{\"@type\":\"ImageObject\",\"inLanguage\":\"es\",\"@id\":\"https:\\\/\\\/secure.gravatar.com\\\/avatar\\\/1d32c4898c1c3cddd0af4807f344953e79c67dc927ed0c3a2147aa472310a764?s=96&d=mm&r=g\",\"url\":\"https:\\\/\\\/secure.gravatar.com\\\/avatar\\\/1d32c4898c1c3cddd0af4807f344953e79c67dc927ed0c3a2147aa472310a764?s=96&d=mm&r=g\",\"contentUrl\":\"https:\\\/\\\/secure.gravatar.com\\\/avatar\\\/1d32c4898c1c3cddd0af4807f344953e79c67dc927ed0c3a2147aa472310a764?s=96&d=mm&r=g\",\"caption\":\"ExTafco\"},\"url\":\"https:\\\/\\\/www.tafcomw.com\\\/metawireless\\\/author\\\/extafco\\\/\"}]}<\/script>\n<!-- \/ Yoast SEO plugin. -->","yoast_head_json":{"title":"TAFCO Metawireless participates in the Spanish National Congress of R&D in Defence and Security DESEi+d 2013.","robots":{"index":"index","follow":"follow","max-snippet":"max-snippet:-1","max-image-preview":"max-image-preview:large","max-video-preview":"max-video-preview:-1"},"canonical":"https:\/\/www.tafcomw.com\/metawireless\/es\/noticias\/tafco-en-congreso-nacional-de-id-en-defensa-y-seguridad-deseid-2013\/","og_locale":"es_ES","og_type":"article","og_title":"TAFCO Metawireless participates in the Spanish National Congress of R&D in Defence and Security DESEi+d 2013.","og_description":"TAFCO Metawireless acude a la primera edici\u00f3n del Congreso Nacional de I+D en Defensa y Seguridad DESEi+d 2013, celebrado los d\u00edas 6 y 7 de Noviembre en la Universidad Polit\u00e9cnica de Madrid, presentando la ponencia \u201cAn\u00e1lisis de la Densidad Espectral RCS Doppler Aplicada a Entornos Militares\u201d, en donde se remarca la importancia de este concepto.","og_url":"https:\/\/www.tafcomw.com\/metawireless\/es\/noticias\/tafco-en-congreso-nacional-de-id-en-defensa-y-seguridad-deseid-2013\/","og_site_name":"Tafco Metawireless","article_published_time":"2013-11-05T11:11:31+00:00","article_modified_time":"2025-01-03T11:12:23+00:00","og_image":[{"width":442,"height":110,"url":"https:\/\/www.tafcomw.com\/metawireless\/wp-content\/uploads\/sites\/2\/9415f9bcd76598f9c08127db1641b596.jpg","type":"image\/jpeg"}],"author":"ExTafco","twitter_card":"summary_large_image","twitter_misc":{"Escrito por":"ExTafco","Tiempo de lectura":"1 minuto"},"schema":{"@context":"https:\/\/schema.org","@graph":[{"@type":"Article","@id":"https:\/\/www.tafcomw.com\/metawireless\/es\/noticias\/tafco-en-congreso-nacional-de-id-en-defensa-y-seguridad-deseid-2013\/#article","isPartOf":{"@id":"https:\/\/www.tafcomw.com\/metawireless\/es\/noticias\/tafco-en-congreso-nacional-de-id-en-defensa-y-seguridad-deseid-2013\/"},"author":{"name":"ExTafco","@id":"https:\/\/www.tafcomw.com\/metawireless\/#\/schema\/person\/82f6c58ec15705e0c52d6f14a050853a"},"headline":"TAFCO en Congreso Nacional de I+D en Defensa y Seguridad DESEi+d 2013.","datePublished":"2013-11-05T11:11:31+00:00","dateModified":"2025-01-03T11:12:23+00:00","mainEntityOfPage":{"@id":"https:\/\/www.tafcomw.com\/metawireless\/es\/noticias\/tafco-en-congreso-nacional-de-id-en-defensa-y-seguridad-deseid-2013\/"},"wordCount":293,"publisher":{"@id":"https:\/\/www.tafcomw.com\/metawireless\/#organization"},"image":{"@id":"https:\/\/www.tafcomw.com\/metawireless\/es\/noticias\/tafco-en-congreso-nacional-de-id-en-defensa-y-seguridad-deseid-2013\/#primaryimage"},"thumbnailUrl":"https:\/\/www.tafcomw.com\/metawireless\/wp-content\/uploads\/sites\/2\/9415f9bcd76598f9c08127db1641b596.jpg","articleSection":["Noticias"],"inLanguage":"es"},{"@type":"WebPage","@id":"https:\/\/www.tafcomw.com\/metawireless\/es\/noticias\/tafco-en-congreso-nacional-de-id-en-defensa-y-seguridad-deseid-2013\/","url":"https:\/\/www.tafcomw.com\/metawireless\/es\/noticias\/tafco-en-congreso-nacional-de-id-en-defensa-y-seguridad-deseid-2013\/","name":"TAFCO Metawireless participates in the Spanish National Congress of R&D in Defence and Security DESEi+d 2013.","isPartOf":{"@id":"https:\/\/www.tafcomw.com\/metawireless\/#website"},"primaryImageOfPage":{"@id":"https:\/\/www.tafcomw.com\/metawireless\/es\/noticias\/tafco-en-congreso-nacional-de-id-en-defensa-y-seguridad-deseid-2013\/#primaryimage"},"image":{"@id":"https:\/\/www.tafcomw.com\/metawireless\/es\/noticias\/tafco-en-congreso-nacional-de-id-en-defensa-y-seguridad-deseid-2013\/#primaryimage"},"thumbnailUrl":"https:\/\/www.tafcomw.com\/metawireless\/wp-content\/uploads\/sites\/2\/9415f9bcd76598f9c08127db1641b596.jpg","datePublished":"2013-11-05T11:11:31+00:00","dateModified":"2025-01-03T11:12:23+00:00","breadcrumb":{"@id":"https:\/\/www.tafcomw.com\/metawireless\/es\/noticias\/tafco-en-congreso-nacional-de-id-en-defensa-y-seguridad-deseid-2013\/#breadcrumb"},"inLanguage":"es","potentialAction":[{"@type":"ReadAction","target":["https:\/\/www.tafcomw.com\/metawireless\/es\/noticias\/tafco-en-congreso-nacional-de-id-en-defensa-y-seguridad-deseid-2013\/"]}]},{"@type":"ImageObject","inLanguage":"es","@id":"https:\/\/www.tafcomw.com\/metawireless\/es\/noticias\/tafco-en-congreso-nacional-de-id-en-defensa-y-seguridad-deseid-2013\/#primaryimage","url":"https:\/\/www.tafcomw.com\/metawireless\/wp-content\/uploads\/sites\/2\/9415f9bcd76598f9c08127db1641b596.jpg","contentUrl":"https:\/\/www.tafcomw.com\/metawireless\/wp-content\/uploads\/sites\/2\/9415f9bcd76598f9c08127db1641b596.jpg","width":442,"height":110,"caption":"TAFCO Metawireless participates in the Spanish National Congress of R&D in Defence and Security DESEi+d 2013."},{"@type":"BreadcrumbList","@id":"https:\/\/www.tafcomw.com\/metawireless\/es\/noticias\/tafco-en-congreso-nacional-de-id-en-defensa-y-seguridad-deseid-2013\/#breadcrumb","itemListElement":[{"@type":"ListItem","position":1,"name":"Inicio","item":"https:\/\/www.tafcomw.com\/metawireless\/en\/"},{"@type":"ListItem","position":2,"name":"TAFCO en Congreso Nacional de I+D en Defensa y Seguridad DESEi+d 2013."}]},{"@type":"WebSite","@id":"https:\/\/www.tafcomw.com\/metawireless\/#website","url":"https:\/\/www.tafcomw.com\/metawireless\/","name":"Tafco Metawireless","description":"","publisher":{"@id":"https:\/\/www.tafcomw.com\/metawireless\/#organization"},"potentialAction":[{"@type":"SearchAction","target":{"@type":"EntryPoint","urlTemplate":"https:\/\/www.tafcomw.com\/metawireless\/?s={search_term_string}"},"query-input":{"@type":"PropertyValueSpecification","valueRequired":true,"valueName":"search_term_string"}}],"inLanguage":"es"},{"@type":"Organization","@id":"https:\/\/www.tafcomw.com\/metawireless\/#organization","name":"Tafco Metawireless","url":"https:\/\/www.tafcomw.com\/metawireless\/","logo":{"@type":"ImageObject","inLanguage":"es","@id":"https:\/\/www.tafcomw.com\/metawireless\/#\/schema\/logo\/image\/","url":"https:\/\/www.tafcomw.com\/metawireless\/wp-content\/uploads\/sites\/2\/tafco-metawireless.svg","contentUrl":"https:\/\/www.tafcomw.com\/metawireless\/wp-content\/uploads\/sites\/2\/tafco-metawireless.svg","caption":"Tafco Metawireless"},"image":{"@id":"https:\/\/www.tafcomw.com\/metawireless\/#\/schema\/logo\/image\/"}},{"@type":"Person","@id":"https:\/\/www.tafcomw.com\/metawireless\/#\/schema\/person\/82f6c58ec15705e0c52d6f14a050853a","name":"ExTafco","image":{"@type":"ImageObject","inLanguage":"es","@id":"https:\/\/secure.gravatar.com\/avatar\/1d32c4898c1c3cddd0af4807f344953e79c67dc927ed0c3a2147aa472310a764?s=96&d=mm&r=g","url":"https:\/\/secure.gravatar.com\/avatar\/1d32c4898c1c3cddd0af4807f344953e79c67dc927ed0c3a2147aa472310a764?s=96&d=mm&r=g","contentUrl":"https:\/\/secure.gravatar.com\/avatar\/1d32c4898c1c3cddd0af4807f344953e79c67dc927ed0c3a2147aa472310a764?s=96&d=mm&r=g","caption":"ExTafco"},"url":"https:\/\/www.tafcomw.com\/metawireless\/author\/extafco\/"}]}},"_links":{"self":[{"href":"https:\/\/www.tafcomw.com\/metawireless\/wp-json\/wp\/v2\/posts\/599","targetHints":{"allow":["GET"]}}],"collection":[{"href":"https:\/\/www.tafcomw.com\/metawireless\/wp-json\/wp\/v2\/posts"}],"about":[{"href":"https:\/\/www.tafcomw.com\/metawireless\/wp-json\/wp\/v2\/types\/post"}],"author":[{"embeddable":true,"href":"https:\/\/www.tafcomw.com\/metawireless\/wp-json\/wp\/v2\/users\/1"}],"replies":[{"embeddable":true,"href":"https:\/\/www.tafcomw.com\/metawireless\/wp-json\/wp\/v2\/comments?post=599"}],"version-history":[{"count":1,"href":"https:\/\/www.tafcomw.com\/metawireless\/wp-json\/wp\/v2\/posts\/599\/revisions"}],"predecessor-version":[{"id":600,"href":"https:\/\/www.tafcomw.com\/metawireless\/wp-json\/wp\/v2\/posts\/599\/revisions\/600"}],"wp:featuredmedia":[{"embeddable":true,"href":"https:\/\/www.tafcomw.com\/metawireless\/wp-json\/wp\/v2\/media\/339"}],"wp:attachment":[{"href":"https:\/\/www.tafcomw.com\/metawireless\/wp-json\/wp\/v2\/media?parent=599"}],"wp:term":[{"taxonomy":"category","embeddable":true,"href":"https:\/\/www.tafcomw.com\/metawireless\/wp-json\/wp\/v2\/categories?post=599"},{"taxonomy":"post_tag","embeddable":true,"href":"https:\/\/www.tafcomw.com\/metawireless\/wp-json\/wp\/v2\/tags?post=599"}],"curies":[{"name":"wp","href":"https:\/\/api.w.org\/{rel}","templated":true}]}}