{"id":602,"date":"2013-11-05T12:12:48","date_gmt":"2013-11-05T11:12:48","guid":{"rendered":"https:\/\/www.tafcomw.com\/metawireless\/?p=602"},"modified":"2025-01-03T12:13:57","modified_gmt":"2025-01-03T11:13:57","slug":"tafco-metawireless-visita-uno-de-los-principales-eventos-nacionales-relacionados-con-la-vozip-el-voip2day-2013","status":"publish","type":"post","link":"https:\/\/www.tafcomw.com\/metawireless\/es\/noticias\/tafco-metawireless-visita-uno-de-los-principales-eventos-nacionales-relacionados-con-la-vozip-el-voip2day-2013\/","title":{"rendered":"TAFCO Metawireless visita uno de los principales eventos nacionales relacionados con la vozIP, el VOIP2DAY 2013"},"content":{"rendered":"<p>\u00abAvanzada7\u00bb organiz\u00f3 durante los d\u00edas 6 y 7 de Noviembre el VOIP2DAY en Madrid, este evento aglutin\u00f3 un gran n\u00famero de profesionales del sector de la voz sobre IP que visitaron los diferentes stands y asistieron a las charlas y conferencias.<br \/>\n<!--more--><\/p>\n<p>Avanzada7 organiz\u00f3 durante los d\u00edas 6 y 7 de Noviembre el VOIP2DAY en Madrid, este evento aglutin\u00f3 un gran n\u00famero de profesionales del sector de la voz sobre IP que visitaron los diferentes stands y asistieron a las charlas y conferencias. Entre los principales stands que participaron en la feria cabr\u00eda destacar los de VOZ.com, Panasonic, Aastra, Alcatel, Cisco, LCR, 3CX o Yealink. Las conferencias por su parte cubrieron la mayor parte del espectro asociado a este nuevo mercado desde la seguridad hasta el despliegue pasando por la integraci\u00f3n con diferentes plataformas de productividad y desarrollo.<\/p>\n<p>&nbsp;<\/p>\n<p><a href=\"http:\/\/www.voip2day.com\/\">http:\/\/www.voip2day.com\/<\/a><\/p>\n","protected":false},"excerpt":{"rendered":"<p>\u00abAvanzada7\u00bb organiz\u00f3 durante los d\u00edas 6 y 7 de Noviembre el VOIP2DAY en Madrid, este evento aglutin\u00f3 un gran n\u00famero de profesionales del sector de la voz sobre IP que visitaron los diferentes stands y asistieron a las charlas y conferencias.<\/p>\n","protected":false},"author":1,"featured_media":341,"comment_status":"closed","ping_status":"closed","sticky":false,"template":"","format":"standard","meta":{"_acf_changed":false,"inline_featured_image":false,"footnotes":""},"categories":[1],"tags":[],"class_list":["post-602","post","type-post","status-publish","format-standard","has-post-thumbnail","hentry","category-noticias"],"acf":[],"yoast_head":"<!-- This site is optimized with the Yoast SEO plugin v28.4 - https:\/\/yoast.com\/product\/yoast-seo-wordpress\/ -->\n<title>TAFCO Metawireless visits the major national event related to VoIP, VOIP2DAY 2013.<\/title>\n<meta name=\"robots\" content=\"index, follow, max-snippet:-1, max-image-preview:large, max-video-preview:-1\" \/>\n<link rel=\"canonical\" href=\"https:\/\/www.tafcomw.com\/metawireless\/es\/noticias\/tafco-metawireless-visita-uno-de-los-principales-eventos-nacionales-relacionados-con-la-vozip-el-voip2day-2013\/\" \/>\n<meta property=\"og:locale\" content=\"es_ES\" \/>\n<meta property=\"og:type\" content=\"article\" \/>\n<meta property=\"og:title\" content=\"TAFCO Metawireless visits the major national event related to VoIP, VOIP2DAY 2013.\" \/>\n<meta property=\"og:description\" content=\"\u00abAvanzada7\u00bb organiz\u00f3 durante los d\u00edas 6 y 7 de Noviembre el VOIP2DAY en Madrid, este evento aglutin\u00f3 un gran n\u00famero de profesionales del sector de la voz sobre IP que visitaron los diferentes stands y asistieron a las charlas y conferencias.\" \/>\n<meta property=\"og:url\" content=\"https:\/\/www.tafcomw.com\/metawireless\/es\/noticias\/tafco-metawireless-visita-uno-de-los-principales-eventos-nacionales-relacionados-con-la-vozip-el-voip2day-2013\/\" \/>\n<meta property=\"og:site_name\" content=\"Tafco Metawireless\" \/>\n<meta property=\"article:published_time\" content=\"2013-11-05T11:12:48+00:00\" \/>\n<meta property=\"article:modified_time\" content=\"2025-01-03T11:13:57+00:00\" \/>\n<meta property=\"og:image\" content=\"https:\/\/www.tafcomw.com\/metawireless\/wp-content\/uploads\/sites\/2\/e9c724eeb5636d1c1c1a2c2e85d40377.jpg\" \/>\n\t<meta property=\"og:image:width\" content=\"462\" \/>\n\t<meta property=\"og:image:height\" content=\"177\" \/>\n\t<meta property=\"og:image:type\" content=\"image\/jpeg\" \/>\n<meta name=\"author\" content=\"ExTafco\" \/>\n<meta name=\"twitter:card\" content=\"summary_large_image\" \/>\n<meta name=\"twitter:label1\" content=\"Escrito por\" \/>\n\t<meta name=\"twitter:data1\" content=\"ExTafco\" \/>\n\t<meta name=\"twitter:label2\" content=\"Tiempo de lectura\" \/>\n\t<meta name=\"twitter:data2\" content=\"1 minuto\" \/>\n<script type=\"application\/ld+json\" class=\"yoast-schema-graph\">{\"@context\":\"https:\\\/\\\/schema.org\",\"@graph\":[{\"@type\":\"Article\",\"@id\":\"https:\\\/\\\/www.tafcomw.com\\\/metawireless\\\/es\\\/noticias\\\/tafco-metawireless-visita-uno-de-los-principales-eventos-nacionales-relacionados-con-la-vozip-el-voip2day-2013\\\/#article\",\"isPartOf\":{\"@id\":\"https:\\\/\\\/www.tafcomw.com\\\/metawireless\\\/es\\\/noticias\\\/tafco-metawireless-visita-uno-de-los-principales-eventos-nacionales-relacionados-con-la-vozip-el-voip2day-2013\\\/\"},\"author\":{\"name\":\"ExTafco\",\"@id\":\"https:\\\/\\\/www.tafcomw.com\\\/metawireless\\\/#\\\/schema\\\/person\\\/82f6c58ec15705e0c52d6f14a050853a\"},\"headline\":\"TAFCO Metawireless visita uno de los principales eventos nacionales relacionados con la vozIP, el VOIP2DAY 2013\",\"datePublished\":\"2013-11-05T11:12:48+00:00\",\"dateModified\":\"2025-01-03T11:13:57+00:00\",\"mainEntityOfPage\":{\"@id\":\"https:\\\/\\\/www.tafcomw.com\\\/metawireless\\\/es\\\/noticias\\\/tafco-metawireless-visita-uno-de-los-principales-eventos-nacionales-relacionados-con-la-vozip-el-voip2day-2013\\\/\"},\"wordCount\":164,\"publisher\":{\"@id\":\"https:\\\/\\\/www.tafcomw.com\\\/metawireless\\\/#organization\"},\"image\":{\"@id\":\"https:\\\/\\\/www.tafcomw.com\\\/metawireless\\\/es\\\/noticias\\\/tafco-metawireless-visita-uno-de-los-principales-eventos-nacionales-relacionados-con-la-vozip-el-voip2day-2013\\\/#primaryimage\"},\"thumbnailUrl\":\"https:\\\/\\\/www.tafcomw.com\\\/metawireless\\\/wp-content\\\/uploads\\\/sites\\\/2\\\/e9c724eeb5636d1c1c1a2c2e85d40377.jpg\",\"articleSection\":[\"Noticias\"],\"inLanguage\":\"es\"},{\"@type\":\"WebPage\",\"@id\":\"https:\\\/\\\/www.tafcomw.com\\\/metawireless\\\/es\\\/noticias\\\/tafco-metawireless-visita-uno-de-los-principales-eventos-nacionales-relacionados-con-la-vozip-el-voip2day-2013\\\/\",\"url\":\"https:\\\/\\\/www.tafcomw.com\\\/metawireless\\\/es\\\/noticias\\\/tafco-metawireless-visita-uno-de-los-principales-eventos-nacionales-relacionados-con-la-vozip-el-voip2day-2013\\\/\",\"name\":\"TAFCO Metawireless visits the major national event related to VoIP, VOIP2DAY 2013.\",\"isPartOf\":{\"@id\":\"https:\\\/\\\/www.tafcomw.com\\\/metawireless\\\/#website\"},\"primaryImageOfPage\":{\"@id\":\"https:\\\/\\\/www.tafcomw.com\\\/metawireless\\\/es\\\/noticias\\\/tafco-metawireless-visita-uno-de-los-principales-eventos-nacionales-relacionados-con-la-vozip-el-voip2day-2013\\\/#primaryimage\"},\"image\":{\"@id\":\"https:\\\/\\\/www.tafcomw.com\\\/metawireless\\\/es\\\/noticias\\\/tafco-metawireless-visita-uno-de-los-principales-eventos-nacionales-relacionados-con-la-vozip-el-voip2day-2013\\\/#primaryimage\"},\"thumbnailUrl\":\"https:\\\/\\\/www.tafcomw.com\\\/metawireless\\\/wp-content\\\/uploads\\\/sites\\\/2\\\/e9c724eeb5636d1c1c1a2c2e85d40377.jpg\",\"datePublished\":\"2013-11-05T11:12:48+00:00\",\"dateModified\":\"2025-01-03T11:13:57+00:00\",\"breadcrumb\":{\"@id\":\"https:\\\/\\\/www.tafcomw.com\\\/metawireless\\\/es\\\/noticias\\\/tafco-metawireless-visita-uno-de-los-principales-eventos-nacionales-relacionados-con-la-vozip-el-voip2day-2013\\\/#breadcrumb\"},\"inLanguage\":\"es\",\"potentialAction\":[{\"@type\":\"ReadAction\",\"target\":[\"https:\\\/\\\/www.tafcomw.com\\\/metawireless\\\/es\\\/noticias\\\/tafco-metawireless-visita-uno-de-los-principales-eventos-nacionales-relacionados-con-la-vozip-el-voip2day-2013\\\/\"]}]},{\"@type\":\"ImageObject\",\"inLanguage\":\"es\",\"@id\":\"https:\\\/\\\/www.tafcomw.com\\\/metawireless\\\/es\\\/noticias\\\/tafco-metawireless-visita-uno-de-los-principales-eventos-nacionales-relacionados-con-la-vozip-el-voip2day-2013\\\/#primaryimage\",\"url\":\"https:\\\/\\\/www.tafcomw.com\\\/metawireless\\\/wp-content\\\/uploads\\\/sites\\\/2\\\/e9c724eeb5636d1c1c1a2c2e85d40377.jpg\",\"contentUrl\":\"https:\\\/\\\/www.tafcomw.com\\\/metawireless\\\/wp-content\\\/uploads\\\/sites\\\/2\\\/e9c724eeb5636d1c1c1a2c2e85d40377.jpg\",\"width\":462,\"height\":177,\"caption\":\"TAFCO Metawireless visits the major national event related to VoIP, VOIP2DAY 2013.\"},{\"@type\":\"BreadcrumbList\",\"@id\":\"https:\\\/\\\/www.tafcomw.com\\\/metawireless\\\/es\\\/noticias\\\/tafco-metawireless-visita-uno-de-los-principales-eventos-nacionales-relacionados-con-la-vozip-el-voip2day-2013\\\/#breadcrumb\",\"itemListElement\":[{\"@type\":\"ListItem\",\"position\":1,\"name\":\"Inicio\",\"item\":\"https:\\\/\\\/www.tafcomw.com\\\/metawireless\\\/en\\\/\"},{\"@type\":\"ListItem\",\"position\":2,\"name\":\"TAFCO Metawireless visita uno de los principales eventos nacionales relacionados con la vozIP, el VOIP2DAY 2013\"}]},{\"@type\":\"WebSite\",\"@id\":\"https:\\\/\\\/www.tafcomw.com\\\/metawireless\\\/#website\",\"url\":\"https:\\\/\\\/www.tafcomw.com\\\/metawireless\\\/\",\"name\":\"Tafco Metawireless\",\"description\":\"\",\"publisher\":{\"@id\":\"https:\\\/\\\/www.tafcomw.com\\\/metawireless\\\/#organization\"},\"potentialAction\":[{\"@type\":\"SearchAction\",\"target\":{\"@type\":\"EntryPoint\",\"urlTemplate\":\"https:\\\/\\\/www.tafcomw.com\\\/metawireless\\\/?s={search_term_string}\"},\"query-input\":{\"@type\":\"PropertyValueSpecification\",\"valueRequired\":true,\"valueName\":\"search_term_string\"}}],\"inLanguage\":\"es\"},{\"@type\":\"Organization\",\"@id\":\"https:\\\/\\\/www.tafcomw.com\\\/metawireless\\\/#organization\",\"name\":\"Tafco Metawireless\",\"url\":\"https:\\\/\\\/www.tafcomw.com\\\/metawireless\\\/\",\"logo\":{\"@type\":\"ImageObject\",\"inLanguage\":\"es\",\"@id\":\"https:\\\/\\\/www.tafcomw.com\\\/metawireless\\\/#\\\/schema\\\/logo\\\/image\\\/\",\"url\":\"https:\\\/\\\/www.tafcomw.com\\\/metawireless\\\/wp-content\\\/uploads\\\/sites\\\/2\\\/tafco-metawireless.svg\",\"contentUrl\":\"https:\\\/\\\/www.tafcomw.com\\\/metawireless\\\/wp-content\\\/uploads\\\/sites\\\/2\\\/tafco-metawireless.svg\",\"caption\":\"Tafco Metawireless\"},\"image\":{\"@id\":\"https:\\\/\\\/www.tafcomw.com\\\/metawireless\\\/#\\\/schema\\\/logo\\\/image\\\/\"}},{\"@type\":\"Person\",\"@id\":\"https:\\\/\\\/www.tafcomw.com\\\/metawireless\\\/#\\\/schema\\\/person\\\/82f6c58ec15705e0c52d6f14a050853a\",\"name\":\"ExTafco\",\"image\":{\"@type\":\"ImageObject\",\"inLanguage\":\"es\",\"@id\":\"https:\\\/\\\/secure.gravatar.com\\\/avatar\\\/1d32c4898c1c3cddd0af4807f344953e79c67dc927ed0c3a2147aa472310a764?s=96&d=mm&r=g\",\"url\":\"https:\\\/\\\/secure.gravatar.com\\\/avatar\\\/1d32c4898c1c3cddd0af4807f344953e79c67dc927ed0c3a2147aa472310a764?s=96&d=mm&r=g\",\"contentUrl\":\"https:\\\/\\\/secure.gravatar.com\\\/avatar\\\/1d32c4898c1c3cddd0af4807f344953e79c67dc927ed0c3a2147aa472310a764?s=96&d=mm&r=g\",\"caption\":\"ExTafco\"},\"url\":\"https:\\\/\\\/www.tafcomw.com\\\/metawireless\\\/author\\\/extafco\\\/\"}]}<\/script>\n<!-- \/ Yoast SEO plugin. -->","yoast_head_json":{"title":"TAFCO Metawireless visits the major national event related to VoIP, VOIP2DAY 2013.","robots":{"index":"index","follow":"follow","max-snippet":"max-snippet:-1","max-image-preview":"max-image-preview:large","max-video-preview":"max-video-preview:-1"},"canonical":"https:\/\/www.tafcomw.com\/metawireless\/es\/noticias\/tafco-metawireless-visita-uno-de-los-principales-eventos-nacionales-relacionados-con-la-vozip-el-voip2day-2013\/","og_locale":"es_ES","og_type":"article","og_title":"TAFCO Metawireless visits the major national event related to VoIP, VOIP2DAY 2013.","og_description":"\u00abAvanzada7\u00bb organiz\u00f3 durante los d\u00edas 6 y 7 de Noviembre el VOIP2DAY en Madrid, este evento aglutin\u00f3 un gran n\u00famero de profesionales del sector de la voz sobre IP que visitaron los diferentes stands y asistieron a las charlas y conferencias.","og_url":"https:\/\/www.tafcomw.com\/metawireless\/es\/noticias\/tafco-metawireless-visita-uno-de-los-principales-eventos-nacionales-relacionados-con-la-vozip-el-voip2day-2013\/","og_site_name":"Tafco Metawireless","article_published_time":"2013-11-05T11:12:48+00:00","article_modified_time":"2025-01-03T11:13:57+00:00","og_image":[{"width":462,"height":177,"url":"https:\/\/www.tafcomw.com\/metawireless\/wp-content\/uploads\/sites\/2\/e9c724eeb5636d1c1c1a2c2e85d40377.jpg","type":"image\/jpeg"}],"author":"ExTafco","twitter_card":"summary_large_image","twitter_misc":{"Escrito por":"ExTafco","Tiempo de lectura":"1 minuto"},"schema":{"@context":"https:\/\/schema.org","@graph":[{"@type":"Article","@id":"https:\/\/www.tafcomw.com\/metawireless\/es\/noticias\/tafco-metawireless-visita-uno-de-los-principales-eventos-nacionales-relacionados-con-la-vozip-el-voip2day-2013\/#article","isPartOf":{"@id":"https:\/\/www.tafcomw.com\/metawireless\/es\/noticias\/tafco-metawireless-visita-uno-de-los-principales-eventos-nacionales-relacionados-con-la-vozip-el-voip2day-2013\/"},"author":{"name":"ExTafco","@id":"https:\/\/www.tafcomw.com\/metawireless\/#\/schema\/person\/82f6c58ec15705e0c52d6f14a050853a"},"headline":"TAFCO Metawireless visita uno de los principales eventos nacionales relacionados con la vozIP, el VOIP2DAY 2013","datePublished":"2013-11-05T11:12:48+00:00","dateModified":"2025-01-03T11:13:57+00:00","mainEntityOfPage":{"@id":"https:\/\/www.tafcomw.com\/metawireless\/es\/noticias\/tafco-metawireless-visita-uno-de-los-principales-eventos-nacionales-relacionados-con-la-vozip-el-voip2day-2013\/"},"wordCount":164,"publisher":{"@id":"https:\/\/www.tafcomw.com\/metawireless\/#organization"},"image":{"@id":"https:\/\/www.tafcomw.com\/metawireless\/es\/noticias\/tafco-metawireless-visita-uno-de-los-principales-eventos-nacionales-relacionados-con-la-vozip-el-voip2day-2013\/#primaryimage"},"thumbnailUrl":"https:\/\/www.tafcomw.com\/metawireless\/wp-content\/uploads\/sites\/2\/e9c724eeb5636d1c1c1a2c2e85d40377.jpg","articleSection":["Noticias"],"inLanguage":"es"},{"@type":"WebPage","@id":"https:\/\/www.tafcomw.com\/metawireless\/es\/noticias\/tafco-metawireless-visita-uno-de-los-principales-eventos-nacionales-relacionados-con-la-vozip-el-voip2day-2013\/","url":"https:\/\/www.tafcomw.com\/metawireless\/es\/noticias\/tafco-metawireless-visita-uno-de-los-principales-eventos-nacionales-relacionados-con-la-vozip-el-voip2day-2013\/","name":"TAFCO Metawireless visits the major national event related to VoIP, VOIP2DAY 2013.","isPartOf":{"@id":"https:\/\/www.tafcomw.com\/metawireless\/#website"},"primaryImageOfPage":{"@id":"https:\/\/www.tafcomw.com\/metawireless\/es\/noticias\/tafco-metawireless-visita-uno-de-los-principales-eventos-nacionales-relacionados-con-la-vozip-el-voip2day-2013\/#primaryimage"},"image":{"@id":"https:\/\/www.tafcomw.com\/metawireless\/es\/noticias\/tafco-metawireless-visita-uno-de-los-principales-eventos-nacionales-relacionados-con-la-vozip-el-voip2day-2013\/#primaryimage"},"thumbnailUrl":"https:\/\/www.tafcomw.com\/metawireless\/wp-content\/uploads\/sites\/2\/e9c724eeb5636d1c1c1a2c2e85d40377.jpg","datePublished":"2013-11-05T11:12:48+00:00","dateModified":"2025-01-03T11:13:57+00:00","breadcrumb":{"@id":"https:\/\/www.tafcomw.com\/metawireless\/es\/noticias\/tafco-metawireless-visita-uno-de-los-principales-eventos-nacionales-relacionados-con-la-vozip-el-voip2day-2013\/#breadcrumb"},"inLanguage":"es","potentialAction":[{"@type":"ReadAction","target":["https:\/\/www.tafcomw.com\/metawireless\/es\/noticias\/tafco-metawireless-visita-uno-de-los-principales-eventos-nacionales-relacionados-con-la-vozip-el-voip2day-2013\/"]}]},{"@type":"ImageObject","inLanguage":"es","@id":"https:\/\/www.tafcomw.com\/metawireless\/es\/noticias\/tafco-metawireless-visita-uno-de-los-principales-eventos-nacionales-relacionados-con-la-vozip-el-voip2day-2013\/#primaryimage","url":"https:\/\/www.tafcomw.com\/metawireless\/wp-content\/uploads\/sites\/2\/e9c724eeb5636d1c1c1a2c2e85d40377.jpg","contentUrl":"https:\/\/www.tafcomw.com\/metawireless\/wp-content\/uploads\/sites\/2\/e9c724eeb5636d1c1c1a2c2e85d40377.jpg","width":462,"height":177,"caption":"TAFCO Metawireless visits the major national event related to VoIP, VOIP2DAY 2013."},{"@type":"BreadcrumbList","@id":"https:\/\/www.tafcomw.com\/metawireless\/es\/noticias\/tafco-metawireless-visita-uno-de-los-principales-eventos-nacionales-relacionados-con-la-vozip-el-voip2day-2013\/#breadcrumb","itemListElement":[{"@type":"ListItem","position":1,"name":"Inicio","item":"https:\/\/www.tafcomw.com\/metawireless\/en\/"},{"@type":"ListItem","position":2,"name":"TAFCO Metawireless visita uno de los principales eventos nacionales relacionados con la vozIP, el VOIP2DAY 2013"}]},{"@type":"WebSite","@id":"https:\/\/www.tafcomw.com\/metawireless\/#website","url":"https:\/\/www.tafcomw.com\/metawireless\/","name":"Tafco Metawireless","description":"","publisher":{"@id":"https:\/\/www.tafcomw.com\/metawireless\/#organization"},"potentialAction":[{"@type":"SearchAction","target":{"@type":"EntryPoint","urlTemplate":"https:\/\/www.tafcomw.com\/metawireless\/?s={search_term_string}"},"query-input":{"@type":"PropertyValueSpecification","valueRequired":true,"valueName":"search_term_string"}}],"inLanguage":"es"},{"@type":"Organization","@id":"https:\/\/www.tafcomw.com\/metawireless\/#organization","name":"Tafco Metawireless","url":"https:\/\/www.tafcomw.com\/metawireless\/","logo":{"@type":"ImageObject","inLanguage":"es","@id":"https:\/\/www.tafcomw.com\/metawireless\/#\/schema\/logo\/image\/","url":"https:\/\/www.tafcomw.com\/metawireless\/wp-content\/uploads\/sites\/2\/tafco-metawireless.svg","contentUrl":"https:\/\/www.tafcomw.com\/metawireless\/wp-content\/uploads\/sites\/2\/tafco-metawireless.svg","caption":"Tafco Metawireless"},"image":{"@id":"https:\/\/www.tafcomw.com\/metawireless\/#\/schema\/logo\/image\/"}},{"@type":"Person","@id":"https:\/\/www.tafcomw.com\/metawireless\/#\/schema\/person\/82f6c58ec15705e0c52d6f14a050853a","name":"ExTafco","image":{"@type":"ImageObject","inLanguage":"es","@id":"https:\/\/secure.gravatar.com\/avatar\/1d32c4898c1c3cddd0af4807f344953e79c67dc927ed0c3a2147aa472310a764?s=96&d=mm&r=g","url":"https:\/\/secure.gravatar.com\/avatar\/1d32c4898c1c3cddd0af4807f344953e79c67dc927ed0c3a2147aa472310a764?s=96&d=mm&r=g","contentUrl":"https:\/\/secure.gravatar.com\/avatar\/1d32c4898c1c3cddd0af4807f344953e79c67dc927ed0c3a2147aa472310a764?s=96&d=mm&r=g","caption":"ExTafco"},"url":"https:\/\/www.tafcomw.com\/metawireless\/author\/extafco\/"}]}},"_links":{"self":[{"href":"https:\/\/www.tafcomw.com\/metawireless\/wp-json\/wp\/v2\/posts\/602","targetHints":{"allow":["GET"]}}],"collection":[{"href":"https:\/\/www.tafcomw.com\/metawireless\/wp-json\/wp\/v2\/posts"}],"about":[{"href":"https:\/\/www.tafcomw.com\/metawireless\/wp-json\/wp\/v2\/types\/post"}],"author":[{"embeddable":true,"href":"https:\/\/www.tafcomw.com\/metawireless\/wp-json\/wp\/v2\/users\/1"}],"replies":[{"embeddable":true,"href":"https:\/\/www.tafcomw.com\/metawireless\/wp-json\/wp\/v2\/comments?post=602"}],"version-history":[{"count":1,"href":"https:\/\/www.tafcomw.com\/metawireless\/wp-json\/wp\/v2\/posts\/602\/revisions"}],"predecessor-version":[{"id":603,"href":"https:\/\/www.tafcomw.com\/metawireless\/wp-json\/wp\/v2\/posts\/602\/revisions\/603"}],"wp:featuredmedia":[{"embeddable":true,"href":"https:\/\/www.tafcomw.com\/metawireless\/wp-json\/wp\/v2\/media\/341"}],"wp:attachment":[{"href":"https:\/\/www.tafcomw.com\/metawireless\/wp-json\/wp\/v2\/media?parent=602"}],"wp:term":[{"taxonomy":"category","embeddable":true,"href":"https:\/\/www.tafcomw.com\/metawireless\/wp-json\/wp\/v2\/categories?post=602"},{"taxonomy":"post_tag","embeddable":true,"href":"https:\/\/www.tafcomw.com\/metawireless\/wp-json\/wp\/v2\/tags?post=602"}],"curies":[{"name":"wp","href":"https:\/\/api.w.org\/{rel}","templated":true}]}}