{"id":665,"date":"2023-01-20T13:17:32","date_gmt":"2023-01-20T12:17:32","guid":{"rendered":"https:\/\/www.tafcomw.com\/metawireless\/?p=665"},"modified":"2025-01-07T09:19:47","modified_gmt":"2025-01-07T08:19:47","slug":"proyectos-id-gobierno-de-navarra-rsu-tmw-h2","status":"publish","type":"post","link":"https:\/\/www.tafcomw.com\/metawireless\/es\/noticias\/proyectos-id-gobierno-de-navarra-rsu-tmw-h2\/","title":{"rendered":"Proyectos I+D Gobierno de Navarra: RSU-TMW-H2"},"content":{"rendered":"<p>Esta empresa ha recibido una ayuda cofinanciada al 50% por el Gobierno de Navarra y el Fondo Europeo de Desarrollo Regional a trav\u00e9s del Programa Operativo FEDER 2014-2020 de Navarra.<\/p>\n<p>Enpresa honek laguntza bat jaso du, erdi bana (%50) finantzatu dutena Nafarroako Gobernuak eta Eskualde Garapeneko Europako Funtsak, Nafarroako EGEF 2014-2020 Programa Eragilearen bidez.<br \/>\n<!--more--><\/p>\n<p>El proyecto pretende conseguir un Desarrollo Tecnol\u00f3gico de un proceso energ\u00e9ticamente eficiente y medioambientalmente sostenible de transformaci\u00f3n de residuos urbanos en estado s\u00f3lido (RSU) en Hidr\u00f3geno (H2), mediante la aplicaci\u00f3n de tecnolog\u00eda de microondas (TMW). Esta tecnolog\u00eda tiene un gran futuro al centrarse en un producto como el H2, de altas expectativas en el mercado, con proyecci\u00f3n econ\u00f3mica y comercial a nivel internacional.<\/p>\n<p>El tratamiento por microondas en un proceso de este tipo es un cambio radical y de mejora, enlos actuales procesos termoqu\u00edmicos necesarios, y pretende ser la clave para hacer un tratamiento de los residuos de m\u00e1xima eficiencia energ\u00e9tica, tratando selectivamente m\u00e1s volumen de residuos procesados por unidad de tiempo.<\/p>\n<p>El proyecto tiene como objetivo general el an\u00e1lisis, dise\u00f1o, desarrollo experimental y optimizaci\u00f3n de un prototipo escalable y no comercializable. Se realizar\u00e1, por tanto, un prototipo experimental que permitir\u00e1 dise\u00f1ar el proceso pre-industrializable, en base a los resultados obtenidos de la experimentaci\u00f3n y el dise\u00f1o inicial.<\/p>\n","protected":false},"excerpt":{"rendered":"<p>Esta empresa ha recibido una ayuda cofinanciada al 50% por el Gobierno de Navarra y el Fondo Europeo de Desarrollo Regional a trav\u00e9s del Programa Operativo FEDER 2014-2020 de Navarra. Enpresa honek laguntza bat jaso du, erdi bana (%50) finantzatu dutena Nafarroako Gobernuak eta Eskualde Garapeneko Europako Funtsak, Nafarroako EGEF 2014-2020 Programa Eragilearen bidez.<\/p>\n","protected":false},"author":1,"featured_media":734,"comment_status":"closed","ping_status":"closed","sticky":false,"template":"","format":"standard","meta":{"_acf_changed":false,"inline_featured_image":false,"footnotes":""},"categories":[1],"tags":[],"class_list":["post-665","post","type-post","status-publish","format-standard","has-post-thumbnail","hentry","category-noticias"],"acf":[],"yoast_head":"<!-- This site is optimized with the Yoast SEO plugin v28.4 - https:\/\/yoast.com\/product\/yoast-seo-wordpress\/ -->\n<title>Regional Government of Navarra R&amp;D Projects: RSU-TMW-H2<\/title>\n<meta name=\"robots\" content=\"index, follow, max-snippet:-1, max-image-preview:large, max-video-preview:-1\" \/>\n<link rel=\"canonical\" href=\"https:\/\/www.tafcomw.com\/metawireless\/es\/noticias\/proyectos-id-gobierno-de-navarra-rsu-tmw-h2\/\" \/>\n<meta property=\"og:locale\" content=\"es_ES\" \/>\n<meta property=\"og:type\" content=\"article\" \/>\n<meta property=\"og:title\" content=\"Regional Government of Navarra R&amp;D Projects: RSU-TMW-H2\" \/>\n<meta property=\"og:description\" content=\"Esta empresa ha recibido una ayuda cofinanciada al 50% por el Gobierno de Navarra y el Fondo Europeo de Desarrollo Regional a trav\u00e9s del Programa Operativo FEDER 2014-2020 de Navarra. Enpresa honek laguntza bat jaso du, erdi bana (%50) finantzatu dutena Nafarroako Gobernuak eta Eskualde Garapeneko Europako Funtsak, Nafarroako EGEF 2014-2020 Programa Eragilearen bidez.\" \/>\n<meta property=\"og:url\" content=\"https:\/\/www.tafcomw.com\/metawireless\/es\/noticias\/proyectos-id-gobierno-de-navarra-rsu-tmw-h2\/\" \/>\n<meta property=\"og:site_name\" content=\"Tafco Metawireless\" \/>\n<meta property=\"article:published_time\" content=\"2023-01-20T12:17:32+00:00\" \/>\n<meta property=\"article:modified_time\" content=\"2025-01-07T08:19:47+00:00\" \/>\n<meta property=\"og:image\" content=\"https:\/\/www.tafcomw.com\/metawireless\/wp-content\/uploads\/sites\/2\/fondo-europeo-desarrollo-regional.jpg\" \/>\n\t<meta property=\"og:image:width\" content=\"980\" \/>\n\t<meta property=\"og:image:height\" content=\"720\" \/>\n\t<meta property=\"og:image:type\" content=\"image\/jpeg\" \/>\n<meta name=\"author\" content=\"ExTafco\" \/>\n<meta name=\"twitter:card\" content=\"summary_large_image\" \/>\n<meta name=\"twitter:label1\" content=\"Escrito por\" \/>\n\t<meta name=\"twitter:data1\" content=\"ExTafco\" \/>\n\t<meta name=\"twitter:label2\" content=\"Tiempo de lectura\" \/>\n\t<meta name=\"twitter:data2\" content=\"1 minuto\" \/>\n<script type=\"application\/ld+json\" class=\"yoast-schema-graph\">{\"@context\":\"https:\\\/\\\/schema.org\",\"@graph\":[{\"@type\":\"Article\",\"@id\":\"https:\\\/\\\/www.tafcomw.com\\\/metawireless\\\/es\\\/noticias\\\/proyectos-id-gobierno-de-navarra-rsu-tmw-h2\\\/#article\",\"isPartOf\":{\"@id\":\"https:\\\/\\\/www.tafcomw.com\\\/metawireless\\\/es\\\/noticias\\\/proyectos-id-gobierno-de-navarra-rsu-tmw-h2\\\/\"},\"author\":{\"name\":\"ExTafco\",\"@id\":\"https:\\\/\\\/www.tafcomw.com\\\/metawireless\\\/#\\\/schema\\\/person\\\/82f6c58ec15705e0c52d6f14a050853a\"},\"headline\":\"Proyectos I+D Gobierno de Navarra: RSU-TMW-H2\",\"datePublished\":\"2023-01-20T12:17:32+00:00\",\"dateModified\":\"2025-01-07T08:19:47+00:00\",\"mainEntityOfPage\":{\"@id\":\"https:\\\/\\\/www.tafcomw.com\\\/metawireless\\\/es\\\/noticias\\\/proyectos-id-gobierno-de-navarra-rsu-tmw-h2\\\/\"},\"wordCount\":238,\"publisher\":{\"@id\":\"https:\\\/\\\/www.tafcomw.com\\\/metawireless\\\/#organization\"},\"image\":{\"@id\":\"https:\\\/\\\/www.tafcomw.com\\\/metawireless\\\/es\\\/noticias\\\/proyectos-id-gobierno-de-navarra-rsu-tmw-h2\\\/#primaryimage\"},\"thumbnailUrl\":\"https:\\\/\\\/www.tafcomw.com\\\/metawireless\\\/wp-content\\\/uploads\\\/sites\\\/2\\\/fondo-europeo-desarrollo-regional.jpg\",\"articleSection\":[\"Noticias\"],\"inLanguage\":\"es\"},{\"@type\":\"WebPage\",\"@id\":\"https:\\\/\\\/www.tafcomw.com\\\/metawireless\\\/es\\\/noticias\\\/proyectos-id-gobierno-de-navarra-rsu-tmw-h2\\\/\",\"url\":\"https:\\\/\\\/www.tafcomw.com\\\/metawireless\\\/es\\\/noticias\\\/proyectos-id-gobierno-de-navarra-rsu-tmw-h2\\\/\",\"name\":\"Regional Government of Navarra R&D Projects: RSU-TMW-H2\",\"isPartOf\":{\"@id\":\"https:\\\/\\\/www.tafcomw.com\\\/metawireless\\\/#website\"},\"primaryImageOfPage\":{\"@id\":\"https:\\\/\\\/www.tafcomw.com\\\/metawireless\\\/es\\\/noticias\\\/proyectos-id-gobierno-de-navarra-rsu-tmw-h2\\\/#primaryimage\"},\"image\":{\"@id\":\"https:\\\/\\\/www.tafcomw.com\\\/metawireless\\\/es\\\/noticias\\\/proyectos-id-gobierno-de-navarra-rsu-tmw-h2\\\/#primaryimage\"},\"thumbnailUrl\":\"https:\\\/\\\/www.tafcomw.com\\\/metawireless\\\/wp-content\\\/uploads\\\/sites\\\/2\\\/fondo-europeo-desarrollo-regional.jpg\",\"datePublished\":\"2023-01-20T12:17:32+00:00\",\"dateModified\":\"2025-01-07T08:19:47+00:00\",\"breadcrumb\":{\"@id\":\"https:\\\/\\\/www.tafcomw.com\\\/metawireless\\\/es\\\/noticias\\\/proyectos-id-gobierno-de-navarra-rsu-tmw-h2\\\/#breadcrumb\"},\"inLanguage\":\"es\",\"potentialAction\":[{\"@type\":\"ReadAction\",\"target\":[\"https:\\\/\\\/www.tafcomw.com\\\/metawireless\\\/es\\\/noticias\\\/proyectos-id-gobierno-de-navarra-rsu-tmw-h2\\\/\"]}]},{\"@type\":\"ImageObject\",\"inLanguage\":\"es\",\"@id\":\"https:\\\/\\\/www.tafcomw.com\\\/metawireless\\\/es\\\/noticias\\\/proyectos-id-gobierno-de-navarra-rsu-tmw-h2\\\/#primaryimage\",\"url\":\"https:\\\/\\\/www.tafcomw.com\\\/metawireless\\\/wp-content\\\/uploads\\\/sites\\\/2\\\/fondo-europeo-desarrollo-regional.jpg\",\"contentUrl\":\"https:\\\/\\\/www.tafcomw.com\\\/metawireless\\\/wp-content\\\/uploads\\\/sites\\\/2\\\/fondo-europeo-desarrollo-regional.jpg\",\"width\":980,\"height\":720,\"caption\":\"Fondo europeo de desarrollo regional\"},{\"@type\":\"BreadcrumbList\",\"@id\":\"https:\\\/\\\/www.tafcomw.com\\\/metawireless\\\/es\\\/noticias\\\/proyectos-id-gobierno-de-navarra-rsu-tmw-h2\\\/#breadcrumb\",\"itemListElement\":[{\"@type\":\"ListItem\",\"position\":1,\"name\":\"Inicio\",\"item\":\"https:\\\/\\\/www.tafcomw.com\\\/metawireless\\\/en\\\/\"},{\"@type\":\"ListItem\",\"position\":2,\"name\":\"Proyectos I+D Gobierno de Navarra: RSU-TMW-H2\"}]},{\"@type\":\"WebSite\",\"@id\":\"https:\\\/\\\/www.tafcomw.com\\\/metawireless\\\/#website\",\"url\":\"https:\\\/\\\/www.tafcomw.com\\\/metawireless\\\/\",\"name\":\"Tafco Metawireless\",\"description\":\"\",\"publisher\":{\"@id\":\"https:\\\/\\\/www.tafcomw.com\\\/metawireless\\\/#organization\"},\"potentialAction\":[{\"@type\":\"SearchAction\",\"target\":{\"@type\":\"EntryPoint\",\"urlTemplate\":\"https:\\\/\\\/www.tafcomw.com\\\/metawireless\\\/?s={search_term_string}\"},\"query-input\":{\"@type\":\"PropertyValueSpecification\",\"valueRequired\":true,\"valueName\":\"search_term_string\"}}],\"inLanguage\":\"es\"},{\"@type\":\"Organization\",\"@id\":\"https:\\\/\\\/www.tafcomw.com\\\/metawireless\\\/#organization\",\"name\":\"Tafco Metawireless\",\"url\":\"https:\\\/\\\/www.tafcomw.com\\\/metawireless\\\/\",\"logo\":{\"@type\":\"ImageObject\",\"inLanguage\":\"es\",\"@id\":\"https:\\\/\\\/www.tafcomw.com\\\/metawireless\\\/#\\\/schema\\\/logo\\\/image\\\/\",\"url\":\"https:\\\/\\\/www.tafcomw.com\\\/metawireless\\\/wp-content\\\/uploads\\\/sites\\\/2\\\/tafco-metawireless.svg\",\"contentUrl\":\"https:\\\/\\\/www.tafcomw.com\\\/metawireless\\\/wp-content\\\/uploads\\\/sites\\\/2\\\/tafco-metawireless.svg\",\"caption\":\"Tafco Metawireless\"},\"image\":{\"@id\":\"https:\\\/\\\/www.tafcomw.com\\\/metawireless\\\/#\\\/schema\\\/logo\\\/image\\\/\"}},{\"@type\":\"Person\",\"@id\":\"https:\\\/\\\/www.tafcomw.com\\\/metawireless\\\/#\\\/schema\\\/person\\\/82f6c58ec15705e0c52d6f14a050853a\",\"name\":\"ExTafco\",\"image\":{\"@type\":\"ImageObject\",\"inLanguage\":\"es\",\"@id\":\"https:\\\/\\\/secure.gravatar.com\\\/avatar\\\/1d32c4898c1c3cddd0af4807f344953e79c67dc927ed0c3a2147aa472310a764?s=96&d=mm&r=g\",\"url\":\"https:\\\/\\\/secure.gravatar.com\\\/avatar\\\/1d32c4898c1c3cddd0af4807f344953e79c67dc927ed0c3a2147aa472310a764?s=96&d=mm&r=g\",\"contentUrl\":\"https:\\\/\\\/secure.gravatar.com\\\/avatar\\\/1d32c4898c1c3cddd0af4807f344953e79c67dc927ed0c3a2147aa472310a764?s=96&d=mm&r=g\",\"caption\":\"ExTafco\"},\"url\":\"https:\\\/\\\/www.tafcomw.com\\\/metawireless\\\/author\\\/extafco\\\/\"}]}<\/script>\n<!-- \/ Yoast SEO plugin. -->","yoast_head_json":{"title":"Regional Government of Navarra R&D Projects: RSU-TMW-H2","robots":{"index":"index","follow":"follow","max-snippet":"max-snippet:-1","max-image-preview":"max-image-preview:large","max-video-preview":"max-video-preview:-1"},"canonical":"https:\/\/www.tafcomw.com\/metawireless\/es\/noticias\/proyectos-id-gobierno-de-navarra-rsu-tmw-h2\/","og_locale":"es_ES","og_type":"article","og_title":"Regional Government of Navarra R&D Projects: RSU-TMW-H2","og_description":"Esta empresa ha recibido una ayuda cofinanciada al 50% por el Gobierno de Navarra y el Fondo Europeo de Desarrollo Regional a trav\u00e9s del Programa Operativo FEDER 2014-2020 de Navarra. Enpresa honek laguntza bat jaso du, erdi bana (%50) finantzatu dutena Nafarroako Gobernuak eta Eskualde Garapeneko Europako Funtsak, Nafarroako EGEF 2014-2020 Programa Eragilearen bidez.","og_url":"https:\/\/www.tafcomw.com\/metawireless\/es\/noticias\/proyectos-id-gobierno-de-navarra-rsu-tmw-h2\/","og_site_name":"Tafco Metawireless","article_published_time":"2023-01-20T12:17:32+00:00","article_modified_time":"2025-01-07T08:19:47+00:00","og_image":[{"width":980,"height":720,"url":"https:\/\/www.tafcomw.com\/metawireless\/wp-content\/uploads\/sites\/2\/fondo-europeo-desarrollo-regional.jpg","type":"image\/jpeg"}],"author":"ExTafco","twitter_card":"summary_large_image","twitter_misc":{"Escrito por":"ExTafco","Tiempo de lectura":"1 minuto"},"schema":{"@context":"https:\/\/schema.org","@graph":[{"@type":"Article","@id":"https:\/\/www.tafcomw.com\/metawireless\/es\/noticias\/proyectos-id-gobierno-de-navarra-rsu-tmw-h2\/#article","isPartOf":{"@id":"https:\/\/www.tafcomw.com\/metawireless\/es\/noticias\/proyectos-id-gobierno-de-navarra-rsu-tmw-h2\/"},"author":{"name":"ExTafco","@id":"https:\/\/www.tafcomw.com\/metawireless\/#\/schema\/person\/82f6c58ec15705e0c52d6f14a050853a"},"headline":"Proyectos I+D Gobierno de Navarra: RSU-TMW-H2","datePublished":"2023-01-20T12:17:32+00:00","dateModified":"2025-01-07T08:19:47+00:00","mainEntityOfPage":{"@id":"https:\/\/www.tafcomw.com\/metawireless\/es\/noticias\/proyectos-id-gobierno-de-navarra-rsu-tmw-h2\/"},"wordCount":238,"publisher":{"@id":"https:\/\/www.tafcomw.com\/metawireless\/#organization"},"image":{"@id":"https:\/\/www.tafcomw.com\/metawireless\/es\/noticias\/proyectos-id-gobierno-de-navarra-rsu-tmw-h2\/#primaryimage"},"thumbnailUrl":"https:\/\/www.tafcomw.com\/metawireless\/wp-content\/uploads\/sites\/2\/fondo-europeo-desarrollo-regional.jpg","articleSection":["Noticias"],"inLanguage":"es"},{"@type":"WebPage","@id":"https:\/\/www.tafcomw.com\/metawireless\/es\/noticias\/proyectos-id-gobierno-de-navarra-rsu-tmw-h2\/","url":"https:\/\/www.tafcomw.com\/metawireless\/es\/noticias\/proyectos-id-gobierno-de-navarra-rsu-tmw-h2\/","name":"Regional Government of Navarra R&D Projects: RSU-TMW-H2","isPartOf":{"@id":"https:\/\/www.tafcomw.com\/metawireless\/#website"},"primaryImageOfPage":{"@id":"https:\/\/www.tafcomw.com\/metawireless\/es\/noticias\/proyectos-id-gobierno-de-navarra-rsu-tmw-h2\/#primaryimage"},"image":{"@id":"https:\/\/www.tafcomw.com\/metawireless\/es\/noticias\/proyectos-id-gobierno-de-navarra-rsu-tmw-h2\/#primaryimage"},"thumbnailUrl":"https:\/\/www.tafcomw.com\/metawireless\/wp-content\/uploads\/sites\/2\/fondo-europeo-desarrollo-regional.jpg","datePublished":"2023-01-20T12:17:32+00:00","dateModified":"2025-01-07T08:19:47+00:00","breadcrumb":{"@id":"https:\/\/www.tafcomw.com\/metawireless\/es\/noticias\/proyectos-id-gobierno-de-navarra-rsu-tmw-h2\/#breadcrumb"},"inLanguage":"es","potentialAction":[{"@type":"ReadAction","target":["https:\/\/www.tafcomw.com\/metawireless\/es\/noticias\/proyectos-id-gobierno-de-navarra-rsu-tmw-h2\/"]}]},{"@type":"ImageObject","inLanguage":"es","@id":"https:\/\/www.tafcomw.com\/metawireless\/es\/noticias\/proyectos-id-gobierno-de-navarra-rsu-tmw-h2\/#primaryimage","url":"https:\/\/www.tafcomw.com\/metawireless\/wp-content\/uploads\/sites\/2\/fondo-europeo-desarrollo-regional.jpg","contentUrl":"https:\/\/www.tafcomw.com\/metawireless\/wp-content\/uploads\/sites\/2\/fondo-europeo-desarrollo-regional.jpg","width":980,"height":720,"caption":"Fondo europeo de desarrollo regional"},{"@type":"BreadcrumbList","@id":"https:\/\/www.tafcomw.com\/metawireless\/es\/noticias\/proyectos-id-gobierno-de-navarra-rsu-tmw-h2\/#breadcrumb","itemListElement":[{"@type":"ListItem","position":1,"name":"Inicio","item":"https:\/\/www.tafcomw.com\/metawireless\/en\/"},{"@type":"ListItem","position":2,"name":"Proyectos I+D Gobierno de Navarra: RSU-TMW-H2"}]},{"@type":"WebSite","@id":"https:\/\/www.tafcomw.com\/metawireless\/#website","url":"https:\/\/www.tafcomw.com\/metawireless\/","name":"Tafco Metawireless","description":"","publisher":{"@id":"https:\/\/www.tafcomw.com\/metawireless\/#organization"},"potentialAction":[{"@type":"SearchAction","target":{"@type":"EntryPoint","urlTemplate":"https:\/\/www.tafcomw.com\/metawireless\/?s={search_term_string}"},"query-input":{"@type":"PropertyValueSpecification","valueRequired":true,"valueName":"search_term_string"}}],"inLanguage":"es"},{"@type":"Organization","@id":"https:\/\/www.tafcomw.com\/metawireless\/#organization","name":"Tafco Metawireless","url":"https:\/\/www.tafcomw.com\/metawireless\/","logo":{"@type":"ImageObject","inLanguage":"es","@id":"https:\/\/www.tafcomw.com\/metawireless\/#\/schema\/logo\/image\/","url":"https:\/\/www.tafcomw.com\/metawireless\/wp-content\/uploads\/sites\/2\/tafco-metawireless.svg","contentUrl":"https:\/\/www.tafcomw.com\/metawireless\/wp-content\/uploads\/sites\/2\/tafco-metawireless.svg","caption":"Tafco Metawireless"},"image":{"@id":"https:\/\/www.tafcomw.com\/metawireless\/#\/schema\/logo\/image\/"}},{"@type":"Person","@id":"https:\/\/www.tafcomw.com\/metawireless\/#\/schema\/person\/82f6c58ec15705e0c52d6f14a050853a","name":"ExTafco","image":{"@type":"ImageObject","inLanguage":"es","@id":"https:\/\/secure.gravatar.com\/avatar\/1d32c4898c1c3cddd0af4807f344953e79c67dc927ed0c3a2147aa472310a764?s=96&d=mm&r=g","url":"https:\/\/secure.gravatar.com\/avatar\/1d32c4898c1c3cddd0af4807f344953e79c67dc927ed0c3a2147aa472310a764?s=96&d=mm&r=g","contentUrl":"https:\/\/secure.gravatar.com\/avatar\/1d32c4898c1c3cddd0af4807f344953e79c67dc927ed0c3a2147aa472310a764?s=96&d=mm&r=g","caption":"ExTafco"},"url":"https:\/\/www.tafcomw.com\/metawireless\/author\/extafco\/"}]}},"_links":{"self":[{"href":"https:\/\/www.tafcomw.com\/metawireless\/wp-json\/wp\/v2\/posts\/665","targetHints":{"allow":["GET"]}}],"collection":[{"href":"https:\/\/www.tafcomw.com\/metawireless\/wp-json\/wp\/v2\/posts"}],"about":[{"href":"https:\/\/www.tafcomw.com\/metawireless\/wp-json\/wp\/v2\/types\/post"}],"author":[{"embeddable":true,"href":"https:\/\/www.tafcomw.com\/metawireless\/wp-json\/wp\/v2\/users\/1"}],"replies":[{"embeddable":true,"href":"https:\/\/www.tafcomw.com\/metawireless\/wp-json\/wp\/v2\/comments?post=665"}],"version-history":[{"count":1,"href":"https:\/\/www.tafcomw.com\/metawireless\/wp-json\/wp\/v2\/posts\/665\/revisions"}],"predecessor-version":[{"id":666,"href":"https:\/\/www.tafcomw.com\/metawireless\/wp-json\/wp\/v2\/posts\/665\/revisions\/666"}],"wp:featuredmedia":[{"embeddable":true,"href":"https:\/\/www.tafcomw.com\/metawireless\/wp-json\/wp\/v2\/media\/734"}],"wp:attachment":[{"href":"https:\/\/www.tafcomw.com\/metawireless\/wp-json\/wp\/v2\/media?parent=665"}],"wp:term":[{"taxonomy":"category","embeddable":true,"href":"https:\/\/www.tafcomw.com\/metawireless\/wp-json\/wp\/v2\/categories?post=665"},{"taxonomy":"post_tag","embeddable":true,"href":"https:\/\/www.tafcomw.com\/metawireless\/wp-json\/wp\/v2\/tags?post=665"}],"curies":[{"name":"wp","href":"https:\/\/api.w.org\/{rel}","templated":true}]}}